{"id":5034,"date":"2025-03-29T08:10:36","date_gmt":"2025-03-29T07:10:36","guid":{"rendered":"https:\/\/www.guitarinensemble.com\/blog\/?p=5034"},"modified":"2025-04-07T11:25:51","modified_gmt":"2025-04-07T10:25:51","slug":"concierto-25-anviersario-ensemble-xxi-con-anabel-montesinos","status":"publish","type":"post","link":"https:\/\/www.guitarinensemble.com\/blog\/concierto-25-anviersario-ensemble-xxi-con-anabel-montesinos\/","title":{"rendered":"Concierto 25 aniversario Ensemble XXI con Anabel Montesinos"},"content":{"rendered":"\n<figure class=\"wp-block-image size-large\"><a href=\"https:\/\/i0.wp.com\/www.guitarinensemble.com\/blog\/wp-content\/uploads\/2025\/03\/ENSEMBLE-XXI_-Cartel-A3-digital.jpg?ssl=1\"><img data-recalc-dims=\"1\" loading=\"lazy\" decoding=\"async\" width=\"625\" height=\"883\" data-attachment-id=\"5035\" data-permalink=\"https:\/\/www.guitarinensemble.com\/blog\/concierto-25-anviersario-ensemble-xxi-con-anabel-montesinos\/ensemble-xxi_-cartel-a3-digital\/\" data-orig-file=\"https:\/\/i0.wp.com\/www.guitarinensemble.com\/blog\/wp-content\/uploads\/2025\/03\/ENSEMBLE-XXI_-Cartel-A3-digital.jpg?fit=1123%2C1587&amp;ssl=1\" data-orig-size=\"1123,1587\" data-comments-opened=\"1\" data-image-meta=\"{&quot;aperture&quot;:&quot;0&quot;,&quot;credit&quot;:&quot;&quot;,&quot;camera&quot;:&quot;&quot;,&quot;caption&quot;:&quot;&quot;,&quot;created_timestamp&quot;:&quot;0&quot;,&quot;copyright&quot;:&quot;&quot;,&quot;focal_length&quot;:&quot;0&quot;,&quot;iso&quot;:&quot;0&quot;,&quot;shutter_speed&quot;:&quot;0&quot;,&quot;title&quot;:&quot;&quot;,&quot;orientation&quot;:&quot;1&quot;}\" data-image-title=\"ENSEMBLE XXI_ Cartel A3 digital\" data-image-description=\"\" data-image-caption=\"\" data-large-file=\"https:\/\/i0.wp.com\/www.guitarinensemble.com\/blog\/wp-content\/uploads\/2025\/03\/ENSEMBLE-XXI_-Cartel-A3-digital.jpg?fit=625%2C883&amp;ssl=1\" src=\"https:\/\/i0.wp.com\/www.guitarinensemble.com\/blog\/wp-content\/uploads\/2025\/03\/ENSEMBLE-XXI_-Cartel-A3-digital.jpg?resize=625%2C883&#038;ssl=1\" alt=\"\" class=\"wp-image-5035\" srcset=\"https:\/\/i0.wp.com\/www.guitarinensemble.com\/blog\/wp-content\/uploads\/2025\/03\/ENSEMBLE-XXI_-Cartel-A3-digital.jpg?resize=725%2C1024&amp;ssl=1 725w, https:\/\/i0.wp.com\/www.guitarinensemble.com\/blog\/wp-content\/uploads\/2025\/03\/ENSEMBLE-XXI_-Cartel-A3-digital.jpg?resize=212%2C300&amp;ssl=1 212w, https:\/\/i0.wp.com\/www.guitarinensemble.com\/blog\/wp-content\/uploads\/2025\/03\/ENSEMBLE-XXI_-Cartel-A3-digital.jpg?resize=768%2C1085&amp;ssl=1 768w, https:\/\/i0.wp.com\/www.guitarinensemble.com\/blog\/wp-content\/uploads\/2025\/03\/ENSEMBLE-XXI_-Cartel-A3-digital.jpg?resize=1087%2C1536&amp;ssl=1 1087w, https:\/\/i0.wp.com\/www.guitarinensemble.com\/blog\/wp-content\/uploads\/2025\/03\/ENSEMBLE-XXI_-Cartel-A3-digital.jpg?w=1123&amp;ssl=1 1123w\" sizes=\"auto, (max-width: 625px) 100vw, 625px\" \/><\/a><\/figure>\n\n\n\n<p class=\"wp-block-paragraph\" style=\"font-size:16px\">\u00a1Aqu\u00ed llega el primero de los\u00a0<strong>Conciertos Conmemorativos<\/strong>\u00a0de nuestro 25 aniversario!<br>En este concierto contaremos, como Invitada de Honor, con\u00a0<strong>Anabel Montesinos,<\/strong>\u00a0una de las figuras m\u00e1s importantes del panorama internacional de la guitarra.<br>Virtuosa de altos vuelos e int\u00e9rprete de gran capacidad expresiva, Anabel Montesinos, fue la guitarrista m\u00e1s joven en ganar el m\u00e1s importante Concurso Internacional de Guitarra, el \u00abFrancisco T\u00e1rrega\u00bb, con solo 17 a\u00f1os. A \u00e9ste gran \u00e9xito, siguieron m\u00e1s de 10 primeros premios e importantes reconocimientos que la han llevado a lo m\u00e1s alto, y a actuar en los escenarios m\u00e1s importantes del mundo, con gran admiraci\u00f3n por parte del p\u00fablico y la cr\u00edtica.<br>\u00a1Una oportunidad \u00fanica, una gran celebraci\u00f3n musical!<br>Venta anticipada de entradas:\u00a0<a href=\"https:\/\/www.eventum365.com\/m\/Monzon\/Conciertos\/ensemble-xxi-6150\/\">https:\/\/www.eventum365.com\/m\/Monzon\/Conciertos\/ensemble-xxi-6150\/<\/a><\/p>\n","protected":false},"excerpt":{"rendered":"<p>\u00a1Aqu\u00ed llega el primero de los\u00a0Conciertos Conmemorativos\u00a0de nuestro 25 aniversario!En este concierto contaremos, como Invitada de Honor, con\u00a0Anabel Montesinos,\u00a0una de las figuras m\u00e1s importantes del panorama internacional de la guitarra.Virtuosa de altos vuelos e int\u00e9rprete de gran capacidad expresiva, Anabel Montesinos, fue la guitarrista m\u00e1s joven en ganar el m\u00e1s importante Concurso Internacional de Guitarra, [&hellip;]<\/p>\n","protected":false},"author":12,"featured_media":0,"comment_status":"open","ping_status":"closed","sticky":false,"template":"","format":"standard","meta":{"advanced_seo_description":"","jetpack_seo_html_title":"","jetpack_seo_noindex":false,"jetpack_seo_schema_type":"","_jetpack_newsletter_access":"","_jetpack_dont_email_post_to_subs":false,"_jetpack_newsletter_tier_id":0,"_jetpack_memberships_contains_paywalled_content":false,"_jetpack_feature_clip_id":0,"_jetpack_memberships_contains_paid_content":false,"footnotes":"","jetpack_publicize_message":"","jetpack_publicize_feature_enabled":true,"jetpack_social_post_already_shared":true,"jetpack_social_options":{"image_generator_settings":{"template":"highway","default_image_id":0,"font":"","enabled":false},"version":2},"jetpack_post_was_ever_published":false},"categories":[6],"tags":[],"class_list":["post-5034","post","type-post","status-publish","format-standard","hentry","category-noticiasnews"],"jetpack_publicize_connections":[],"jetpack_shortlink":"https:\/\/wp.me\/p9Cgg3-1jc","jetpack-related-posts":[],"jetpack_likes_enabled":true,"jetpack_sharing_enabled":true,"jetpack_featured_media_url":"","_links":{"self":[{"href":"https:\/\/www.guitarinensemble.com\/blog\/wp-json\/wp\/v2\/posts\/5034","targetHints":{"allow":["GET"]}}],"collection":[{"href":"https:\/\/www.guitarinensemble.com\/blog\/wp-json\/wp\/v2\/posts"}],"about":[{"href":"https:\/\/www.guitarinensemble.com\/blog\/wp-json\/wp\/v2\/types\/post"}],"author":[{"embeddable":true,"href":"https:\/\/www.guitarinensemble.com\/blog\/wp-json\/wp\/v2\/users\/12"}],"replies":[{"embeddable":true,"href":"https:\/\/www.guitarinensemble.com\/blog\/wp-json\/wp\/v2\/comments?post=5034"}],"version-history":[{"count":3,"href":"https:\/\/www.guitarinensemble.com\/blog\/wp-json\/wp\/v2\/posts\/5034\/revisions"}],"predecessor-version":[{"id":5042,"href":"https:\/\/www.guitarinensemble.com\/blog\/wp-json\/wp\/v2\/posts\/5034\/revisions\/5042"}],"wp:attachment":[{"href":"https:\/\/www.guitarinensemble.com\/blog\/wp-json\/wp\/v2\/media?parent=5034"}],"wp:term":[{"taxonomy":"category","embeddable":true,"href":"https:\/\/www.guitarinensemble.com\/blog\/wp-json\/wp\/v2\/categories?post=5034"},{"taxonomy":"post_tag","embeddable":true,"href":"https:\/\/www.guitarinensemble.com\/blog\/wp-json\/wp\/v2\/tags?post=5034"}],"curies":[{"name":"wp","href":"https:\/\/api.w.org\/{rel}","templated":true}]}}