{"id":5648,"date":"2026-08-09T08:05:12","date_gmt":"2026-08-09T07:05:12","guid":{"rendered":"https:\/\/www.guitarinensemble.com\/blog\/?p=5648"},"modified":"2026-08-09T08:05:23","modified_gmt":"2026-08-09T07:05:23","slug":"musica-y-calidez-en-el-teatro-salamero-de-graus-music-and-warmth-at-the-salamero-theatre-in-graus","status":"publish","type":"post","link":"https:\/\/www.guitarinensemble.com\/blog\/musica-y-calidez-en-el-teatro-salamero-de-graus-music-and-warmth-at-the-salamero-theatre-in-graus\/","title":{"rendered":"M\u00fasica y calidez en el Teatro Salamero de Graus \/ Music and warmth at the Salamero Theatre in Graus"},"content":{"rendered":"\n<p class=\"wp-block-paragraph\" style=\"font-size:16px\"><strong>[ESP]<\/strong> Reviviendo los mejores momentos de la velada en Graus. &#x2728;<\/p>\n\n\n\n<p class=\"wp-block-paragraph\" style=\"font-size:16px\">Aunque la lluvia nos traslad\u00f3 del Claustro de la Pe\u00f1a al hist\u00f3rico Teatro Salamero, la respuesta y el cari\u00f1o del p\u00fablico hicieron que fuera una noche verdaderamente especial. Fue un aut\u00e9ntico placer compartir <em>\u00abTesoros de la Guitarra Cl\u00e1sica\u00bb<\/em> en un ambiente tan c\u00e1lido y receptivo.<\/p>\n\n\n\n<p class=\"wp-block-paragraph\" style=\"font-size:16px\">Mi sincero agradecimiento a la organizaci\u00f3n, a la Asociaci\u00f3n Amigos de la Pe\u00f1a y al Ayuntamiento de Graus por su impecable trabajo para que la m\u00fasica no se detuviera. \u00a1Gracias a todos los que nos acompa\u00f1asteis! <\/p>\n\n\n\n<p class=\"wp-block-paragraph\">*******<\/p>\n\n\n\n<p class=\"wp-block-paragraph\" style=\"font-size:16px\"><strong>[ENG]<\/strong> <em>Reliving the best moments of our evening in Graus.<\/em> &#x2728;<\/p>\n\n\n\n<p class=\"wp-block-paragraph\" style=\"font-size:16px\"><em>Although the rain moved us from the Claustro de la Pe\u00f1a to the historic Teatro Salamero, the warmth and enthusiasm of the audience made it a truly special night. It was an absolute pleasure to share \u00abTreasures of Classical Guitar\u00bb in such a welcoming atmosphere.<\/em><\/p>\n\n\n\n<p class=\"wp-block-paragraph\" style=\"font-size:16px\"><em>My heartfelt thanks to the organization, the Asociaci\u00f3n Amigos de la Pe\u00f1a, and the Graus City Council for their wonderful support in making sure the music kept playing. Thank you to everyone who joined us!<\/em><\/p>\n\n\n\n<figure class=\"wp-block-gallery has-nested-images columns-default is-cropped wp-block-gallery-1 is-layout-flex wp-block-gallery-is-layout-flex\">\n<figure class=\"wp-block-image size-large\"><a href=\"https:\/\/i0.wp.com\/www.guitarinensemble.com\/blog\/wp-content\/uploads\/2026\/08\/Jose-Antonio-Chic-en-Graus.jpg?ssl=1\"><img data-recalc-dims=\"1\" loading=\"lazy\" decoding=\"async\" width=\"625\" height=\"625\" data-attachment-id=\"5651\" data-permalink=\"https:\/\/www.guitarinensemble.com\/blog\/jose-antonio-chic-en-graus\/\" data-orig-file=\"https:\/\/i0.wp.com\/www.guitarinensemble.com\/blog\/wp-content\/uploads\/2026\/08\/Jose-Antonio-Chic-en-Graus.jpg?fit=1440%2C1440&amp;ssl=1\" data-orig-size=\"1440,1440\" data-comments-opened=\"1\" data-image-meta=\"{&quot;aperture&quot;:&quot;0&quot;,&quot;credit&quot;:&quot;&quot;,&quot;camera&quot;:&quot;&quot;,&quot;caption&quot;:&quot;&quot;,&quot;created_timestamp&quot;:&quot;0&quot;,&quot;copyright&quot;:&quot;&quot;,&quot;focal_length&quot;:&quot;0&quot;,&quot;iso&quot;:&quot;0&quot;,&quot;shutter_speed&quot;:&quot;0&quot;,&quot;title&quot;:&quot;&quot;,&quot;orientation&quot;:&quot;0&quot;}\" data-image-title=\"Jos\u00e9 Antonio Chic en Graus\" data-image-description=\"\" data-image-caption=\"\" data-large-file=\"https:\/\/i0.wp.com\/www.guitarinensemble.com\/blog\/wp-content\/uploads\/2026\/08\/Jose-Antonio-Chic-en-Graus.jpg?fit=625%2C625&amp;ssl=1\" data-id=\"5651\" src=\"https:\/\/i0.wp.com\/www.guitarinensemble.com\/blog\/wp-content\/uploads\/2026\/08\/Jose-Antonio-Chic-en-Graus.jpg?resize=625%2C625&#038;ssl=1\" alt=\"\" class=\"wp-image-5651\" srcset=\"https:\/\/i0.wp.com\/www.guitarinensemble.com\/blog\/wp-content\/uploads\/2026\/08\/Jose-Antonio-Chic-en-Graus.jpg?resize=1024%2C1024&amp;ssl=1 1024w, https:\/\/i0.wp.com\/www.guitarinensemble.com\/blog\/wp-content\/uploads\/2026\/08\/Jose-Antonio-Chic-en-Graus.jpg?resize=300%2C300&amp;ssl=1 300w, https:\/\/i0.wp.com\/www.guitarinensemble.com\/blog\/wp-content\/uploads\/2026\/08\/Jose-Antonio-Chic-en-Graus.jpg?resize=150%2C150&amp;ssl=1 150w, https:\/\/i0.wp.com\/www.guitarinensemble.com\/blog\/wp-content\/uploads\/2026\/08\/Jose-Antonio-Chic-en-Graus.jpg?resize=768%2C768&amp;ssl=1 768w, https:\/\/i0.wp.com\/www.guitarinensemble.com\/blog\/wp-content\/uploads\/2026\/08\/Jose-Antonio-Chic-en-Graus.jpg?resize=624%2C624&amp;ssl=1 624w, https:\/\/i0.wp.com\/www.guitarinensemble.com\/blog\/wp-content\/uploads\/2026\/08\/Jose-Antonio-Chic-en-Graus.jpg?w=1440&amp;ssl=1 1440w, https:\/\/i0.wp.com\/www.guitarinensemble.com\/blog\/wp-content\/uploads\/2026\/08\/Jose-Antonio-Chic-en-Graus.jpg?w=1250&amp;ssl=1 1250w\" sizes=\"auto, (max-width: 625px) 100vw, 625px\" \/><\/a><\/figure>\n\n\n\n<figure class=\"wp-block-image size-large\"><a href=\"https:\/\/i0.wp.com\/www.guitarinensemble.com\/blog\/wp-content\/uploads\/2026\/08\/Jose-Antonio-Chic-en-Graus-3.jpg?ssl=1\"><img data-recalc-dims=\"1\" loading=\"lazy\" decoding=\"async\" width=\"625\" height=\"625\" data-attachment-id=\"5650\" data-permalink=\"https:\/\/www.guitarinensemble.com\/blog\/jose-antonio-chic-en-graus-3\/\" data-orig-file=\"https:\/\/i0.wp.com\/www.guitarinensemble.com\/blog\/wp-content\/uploads\/2026\/08\/Jose-Antonio-Chic-en-Graus-3.jpg?fit=1440%2C1440&amp;ssl=1\" data-orig-size=\"1440,1440\" data-comments-opened=\"1\" data-image-meta=\"{&quot;aperture&quot;:&quot;0&quot;,&quot;credit&quot;:&quot;&quot;,&quot;camera&quot;:&quot;&quot;,&quot;caption&quot;:&quot;&quot;,&quot;created_timestamp&quot;:&quot;0&quot;,&quot;copyright&quot;:&quot;&quot;,&quot;focal_length&quot;:&quot;0&quot;,&quot;iso&quot;:&quot;0&quot;,&quot;shutter_speed&quot;:&quot;0&quot;,&quot;title&quot;:&quot;&quot;,&quot;orientation&quot;:&quot;0&quot;}\" data-image-title=\"Jos\u00e9 Antonio Chic en Graus 3\" data-image-description=\"\" data-image-caption=\"\" data-large-file=\"https:\/\/i0.wp.com\/www.guitarinensemble.com\/blog\/wp-content\/uploads\/2026\/08\/Jose-Antonio-Chic-en-Graus-3.jpg?fit=625%2C625&amp;ssl=1\" data-id=\"5650\" src=\"https:\/\/i0.wp.com\/www.guitarinensemble.com\/blog\/wp-content\/uploads\/2026\/08\/Jose-Antonio-Chic-en-Graus-3.jpg?resize=625%2C625&#038;ssl=1\" alt=\"\" class=\"wp-image-5650\" srcset=\"https:\/\/i0.wp.com\/www.guitarinensemble.com\/blog\/wp-content\/uploads\/2026\/08\/Jose-Antonio-Chic-en-Graus-3.jpg?resize=1024%2C1024&amp;ssl=1 1024w, https:\/\/i0.wp.com\/www.guitarinensemble.com\/blog\/wp-content\/uploads\/2026\/08\/Jose-Antonio-Chic-en-Graus-3.jpg?resize=300%2C300&amp;ssl=1 300w, https:\/\/i0.wp.com\/www.guitarinensemble.com\/blog\/wp-content\/uploads\/2026\/08\/Jose-Antonio-Chic-en-Graus-3.jpg?resize=150%2C150&amp;ssl=1 150w, https:\/\/i0.wp.com\/www.guitarinensemble.com\/blog\/wp-content\/uploads\/2026\/08\/Jose-Antonio-Chic-en-Graus-3.jpg?resize=768%2C768&amp;ssl=1 768w, https:\/\/i0.wp.com\/www.guitarinensemble.com\/blog\/wp-content\/uploads\/2026\/08\/Jose-Antonio-Chic-en-Graus-3.jpg?resize=624%2C624&amp;ssl=1 624w, https:\/\/i0.wp.com\/www.guitarinensemble.com\/blog\/wp-content\/uploads\/2026\/08\/Jose-Antonio-Chic-en-Graus-3.jpg?w=1440&amp;ssl=1 1440w, https:\/\/i0.wp.com\/www.guitarinensemble.com\/blog\/wp-content\/uploads\/2026\/08\/Jose-Antonio-Chic-en-Graus-3.jpg?w=1250&amp;ssl=1 1250w\" sizes=\"auto, (max-width: 625px) 100vw, 625px\" \/><\/a><\/figure>\n\n\n\n<figure class=\"wp-block-image size-large\"><a href=\"https:\/\/i0.wp.com\/www.guitarinensemble.com\/blog\/wp-content\/uploads\/2026\/08\/Jose-Antonio-Chic-en-Graus-2.jpg?ssl=1\"><img data-recalc-dims=\"1\" loading=\"lazy\" decoding=\"async\" width=\"625\" height=\"625\" data-attachment-id=\"5649\" data-permalink=\"https:\/\/www.guitarinensemble.com\/blog\/jose-antonio-chic-en-graus-2\/\" data-orig-file=\"https:\/\/i0.wp.com\/www.guitarinensemble.com\/blog\/wp-content\/uploads\/2026\/08\/Jose-Antonio-Chic-en-Graus-2.jpg?fit=1440%2C1440&amp;ssl=1\" data-orig-size=\"1440,1440\" data-comments-opened=\"1\" data-image-meta=\"{&quot;aperture&quot;:&quot;0&quot;,&quot;credit&quot;:&quot;&quot;,&quot;camera&quot;:&quot;&quot;,&quot;caption&quot;:&quot;&quot;,&quot;created_timestamp&quot;:&quot;0&quot;,&quot;copyright&quot;:&quot;&quot;,&quot;focal_length&quot;:&quot;0&quot;,&quot;iso&quot;:&quot;0&quot;,&quot;shutter_speed&quot;:&quot;0&quot;,&quot;title&quot;:&quot;&quot;,&quot;orientation&quot;:&quot;0&quot;}\" data-image-title=\"Jose Antonio Chic en Graus 2\" data-image-description=\"\" data-image-caption=\"\" data-large-file=\"https:\/\/i0.wp.com\/www.guitarinensemble.com\/blog\/wp-content\/uploads\/2026\/08\/Jose-Antonio-Chic-en-Graus-2.jpg?fit=625%2C625&amp;ssl=1\" data-id=\"5649\" src=\"https:\/\/i0.wp.com\/www.guitarinensemble.com\/blog\/wp-content\/uploads\/2026\/08\/Jose-Antonio-Chic-en-Graus-2.jpg?resize=625%2C625&#038;ssl=1\" alt=\"\" class=\"wp-image-5649\" srcset=\"https:\/\/i0.wp.com\/www.guitarinensemble.com\/blog\/wp-content\/uploads\/2026\/08\/Jose-Antonio-Chic-en-Graus-2.jpg?resize=1024%2C1024&amp;ssl=1 1024w, https:\/\/i0.wp.com\/www.guitarinensemble.com\/blog\/wp-content\/uploads\/2026\/08\/Jose-Antonio-Chic-en-Graus-2.jpg?resize=300%2C300&amp;ssl=1 300w, https:\/\/i0.wp.com\/www.guitarinensemble.com\/blog\/wp-content\/uploads\/2026\/08\/Jose-Antonio-Chic-en-Graus-2.jpg?resize=150%2C150&amp;ssl=1 150w, https:\/\/i0.wp.com\/www.guitarinensemble.com\/blog\/wp-content\/uploads\/2026\/08\/Jose-Antonio-Chic-en-Graus-2.jpg?resize=768%2C768&amp;ssl=1 768w, https:\/\/i0.wp.com\/www.guitarinensemble.com\/blog\/wp-content\/uploads\/2026\/08\/Jose-Antonio-Chic-en-Graus-2.jpg?resize=624%2C624&amp;ssl=1 624w, https:\/\/i0.wp.com\/www.guitarinensemble.com\/blog\/wp-content\/uploads\/2026\/08\/Jose-Antonio-Chic-en-Graus-2.jpg?w=1440&amp;ssl=1 1440w, https:\/\/i0.wp.com\/www.guitarinensemble.com\/blog\/wp-content\/uploads\/2026\/08\/Jose-Antonio-Chic-en-Graus-2.jpg?w=1250&amp;ssl=1 1250w\" sizes=\"auto, (max-width: 625px) 100vw, 625px\" \/><\/a><\/figure>\n<\/figure>\n","protected":false},"excerpt":{"rendered":"<p>[ESP] Reviviendo los mejores momentos de la velada en Graus. &#x2728; Aunque la lluvia nos traslad\u00f3 del Claustro de la Pe\u00f1a al hist\u00f3rico Teatro Salamero, la respuesta y el cari\u00f1o del p\u00fablico hicieron que fuera una noche verdaderamente especial. Fue un aut\u00e9ntico placer compartir \u00abTesoros de la Guitarra Cl\u00e1sica\u00bb en un ambiente tan c\u00e1lido y [&hellip;]<\/p>\n","protected":false},"author":12,"featured_media":0,"comment_status":"open","ping_status":"closed","sticky":false,"template":"","format":"standard","meta":{"advanced_seo_description":"","jetpack_seo_html_title":"","jetpack_seo_noindex":false,"jetpack_seo_schema_type":"","_jetpack_newsletter_access":"","_jetpack_dont_email_post_to_subs":false,"_jetpack_newsletter_tier_id":0,"_jetpack_memberships_contains_paywalled_content":false,"_jetpack_feature_clip_id":0,"_jetpack_memberships_contains_paid_content":false,"footnotes":"","jetpack_publicize_message":"","jetpack_publicize_feature_enabled":true,"jetpack_social_post_already_shared":true,"jetpack_social_options":{"image_generator_settings":{"template":"highway","default_image_id":0,"font":"","enabled":false},"version":2},"jetpack_post_was_ever_published":false},"categories":[6],"tags":[217,215,216,191,152,99,221,222,128],"class_list":["post-5648","post","type-post","status-publish","format-standard","hentry","category-noticiasnews","tag-classical-guitar-recital","tag-cronica-concierto","tag-fotogaleria","tag-graus","tag-huesca","tag-jose-antonio-chic","tag-ribagorza","tag-teatro-salamero","tag-tesoros-de-la-guitarra-clasica"],"jetpack_publicize_connections":[],"jetpack_shortlink":"https:\/\/wp.me\/p9Cgg3-1t6","jetpack-related-posts":[],"jetpack_likes_enabled":true,"jetpack_sharing_enabled":true,"jetpack_featured_media_url":"","_links":{"self":[{"href":"https:\/\/www.guitarinensemble.com\/blog\/wp-json\/wp\/v2\/posts\/5648","targetHints":{"allow":["GET"]}}],"collection":[{"href":"https:\/\/www.guitarinensemble.com\/blog\/wp-json\/wp\/v2\/posts"}],"about":[{"href":"https:\/\/www.guitarinensemble.com\/blog\/wp-json\/wp\/v2\/types\/post"}],"author":[{"embeddable":true,"href":"https:\/\/www.guitarinensemble.com\/blog\/wp-json\/wp\/v2\/users\/12"}],"replies":[{"embeddable":true,"href":"https:\/\/www.guitarinensemble.com\/blog\/wp-json\/wp\/v2\/comments?post=5648"}],"version-history":[{"count":1,"href":"https:\/\/www.guitarinensemble.com\/blog\/wp-json\/wp\/v2\/posts\/5648\/revisions"}],"predecessor-version":[{"id":5652,"href":"https:\/\/www.guitarinensemble.com\/blog\/wp-json\/wp\/v2\/posts\/5648\/revisions\/5652"}],"wp:attachment":[{"href":"https:\/\/www.guitarinensemble.com\/blog\/wp-json\/wp\/v2\/media?parent=5648"}],"wp:term":[{"taxonomy":"category","embeddable":true,"href":"https:\/\/www.guitarinensemble.com\/blog\/wp-json\/wp\/v2\/categories?post=5648"},{"taxonomy":"post_tag","embeddable":true,"href":"https:\/\/www.guitarinensemble.com\/blog\/wp-json\/wp\/v2\/tags?post=5648"}],"curies":[{"name":"wp","href":"https:\/\/api.w.org\/{rel}","templated":true}]}}