{"id":5654,"date":"2026-08-11T07:36:01","date_gmt":"2026-08-11T06:36:01","guid":{"rendered":"https:\/\/www.guitarinensemble.com\/blog\/?p=5654"},"modified":"2026-08-11T07:36:08","modified_gmt":"2026-08-11T06:36:08","slug":"proximo-concierto-tresors-de-la-guitarra-classica-en-santa-coloma-de-farners-next-concert-treasures-of-classical-guitar-in-santa-coloma-de-farners","status":"publish","type":"post","link":"https:\/\/www.guitarinensemble.com\/blog\/proximo-concierto-tresors-de-la-guitarra-classica-en-santa-coloma-de-farners-next-concert-treasures-of-classical-guitar-in-santa-coloma-de-farners\/","title":{"rendered":"Pr\u00f3ximo concierto: \u00abTresors de la Guitarra Cl\u00e0ssica\u00bb en Santa Coloma de Farners \/ Next Concert: \u00abTreasures of Classical Guitar\u00bb in Santa Coloma de Farners"},"content":{"rendered":"\n<p class=\"wp-block-paragraph\"><strong>[ESP]<\/strong><\/p>\n\n\n\n<p class=\"wp-block-paragraph\" style=\"font-size:16px\">Continuamos con la gira <strong>\u00abTresors de la Guitarra Cl\u00e0ssica\u00bb<\/strong>, y la pr\u00f3xima parada nos llevar\u00e1 a un entorno natural y patrimonial incomparable: la <strong>Ermita de la Mare de D\u00e9u de Farners<\/strong>, en <strong>Santa Coloma de Farners (Girona)<\/strong>, dentro del ciclo <em>Tons i Sons<\/em>.<\/p>\n\n\n\n<p class=\"wp-block-paragraph\" style=\"font-size:16px\">El concierto tendr\u00e1 lugar el pr\u00f3ximo <strong>viernes, 14 de agosto de 2026, a las 20:00 h<\/strong>. Ser\u00e1 una velada muy especial para disfrutar de la intimidad de la guitarra cl\u00e1sica y, al finalizar la actuaci\u00f3n, contaremos con un degustaci\u00f3n gastron\u00f3mica de productos locales.<\/p>\n\n\n\n<p class=\"wp-block-paragraph\" style=\"font-size:16px\">Mi agradecimiento al <strong>Ayuntamiento de Santa Coloma de Farners<\/strong> y a <strong>Programa.cat<\/strong> por su apoyo para hacer posible este evento.<\/p>\n\n\n\n<ul class=\"wp-block-list\">\n<li style=\"font-size:16px\"><strong>Lugar:<\/strong> Ermita de la Mare de D\u00e9u de Farners, Santa Coloma de Farners (Girona)<\/li>\n\n\n\n<li><strong>Fecha:<\/strong> Viernes, 14 de agosto de 2026<\/li>\n\n\n\n<li><strong>Hora:<\/strong> 20:00 h<\/li>\n\n\n\n<li><strong>Entrada:<\/strong> 6 \u20ac (incluye degustaci\u00f3n gastron\u00f3mica de productos locales)<\/li>\n<\/ul>\n\n\n\n<p class=\"wp-block-paragraph\" style=\"font-size:16px\">\u00a1Ser\u00e1 un aut\u00e9ntico placer compartir la m\u00fasica con todos vosotros!<\/p>\n\n\n\n<p class=\"wp-block-paragraph\"><strong>[ENG]<\/strong><\/p>\n\n\n\n<p class=\"wp-block-paragraph\" style=\"font-size:16px\"><em>We continue the <strong>\u00abTreasures of Classical Guitar\u00bb<\/strong> tour, and our next stop takes us to a unique natural and historical setting: the <strong>Ermita de la Mare de D\u00e9u de Farners<\/strong> in <strong>Santa Coloma de Farners (Girona)<\/strong>, as part of the Tons i Sons concert cycle.<\/em><\/p>\n\n\n\n<p class=\"wp-block-paragraph\" style=\"font-size:16px\"><em>The concert will take place this <strong>Friday, August 14th, 2026, at 8:00 PM<\/strong>. It promises to be a very special evening to enjoy the acoustic beauty and intimacy of the classical guitar. After the performance, attendees are invited to enjoy a tasting of local products.<\/em><\/p>\n\n\n\n<p class=\"wp-block-paragraph\" style=\"font-size:16px\"><em>My sincere thanks to the <strong>Santa Coloma de Farners City Council<\/strong> and <strong>Programa.cat<\/strong> for supporting this event.<\/em><\/p>\n\n\n\n<ul class=\"wp-block-list\">\n<li style=\"font-size:15px\"><strong>Venue:<\/strong> Ermita de la Mare de D\u00e9u de Farners, Santa Coloma de Farners (Girona)<\/li>\n\n\n\n<li><strong>Date:<\/strong> Friday, August 14th, 2026<\/li>\n\n\n\n<li><strong>Time:<\/strong> 8:00 PM<\/li>\n\n\n\n<li><strong>Admission:<\/strong> \u20ac6 (includes local food tasting)<\/li>\n<\/ul>\n\n\n\n<p class=\"wp-block-paragraph\" style=\"font-size:16px\"><em>It will be an absolute pleasure to share the music with you all!<\/em><\/p>\n\n\n\n<figure class=\"wp-block-image size-large\"><a href=\"https:\/\/i0.wp.com\/www.guitarinensemble.com\/blog\/wp-content\/uploads\/2026\/08\/Cartell-Jose-Antonio-Chic-Ermita-de-Farners.png?ssl=1\"><img data-recalc-dims=\"1\" loading=\"lazy\" decoding=\"async\" width=\"625\" height=\"884\" data-attachment-id=\"5655\" data-permalink=\"https:\/\/www.guitarinensemble.com\/blog\/proximo-concierto-tresors-de-la-guitarra-classica-en-santa-coloma-de-farners-next-concert-treasures-of-classical-guitar-in-santa-coloma-de-farners\/cartell-jose-antonio-chic-ermita-de-farners\/\" data-orig-file=\"https:\/\/i0.wp.com\/www.guitarinensemble.com\/blog\/wp-content\/uploads\/2026\/08\/Cartell-Jose-Antonio-Chic-Ermita-de-Farners.png?fit=1587%2C2245&amp;ssl=1\" data-orig-size=\"1587,2245\" data-comments-opened=\"1\" data-image-meta=\"{&quot;aperture&quot;:&quot;0&quot;,&quot;credit&quot;:&quot;&quot;,&quot;camera&quot;:&quot;&quot;,&quot;caption&quot;:&quot;&quot;,&quot;created_timestamp&quot;:&quot;0&quot;,&quot;copyright&quot;:&quot;&quot;,&quot;focal_length&quot;:&quot;0&quot;,&quot;iso&quot;:&quot;0&quot;,&quot;shutter_speed&quot;:&quot;0&quot;,&quot;title&quot;:&quot;&quot;,&quot;orientation&quot;:&quot;0&quot;}\" data-image-title=\"Cartell Jos\u00e9 Antonio Chic Ermita de Farners\" data-image-description=\"\" data-image-caption=\"\" data-large-file=\"https:\/\/i0.wp.com\/www.guitarinensemble.com\/blog\/wp-content\/uploads\/2026\/08\/Cartell-Jose-Antonio-Chic-Ermita-de-Farners.png?fit=625%2C884&amp;ssl=1\" src=\"https:\/\/i0.wp.com\/www.guitarinensemble.com\/blog\/wp-content\/uploads\/2026\/08\/Cartell-Jose-Antonio-Chic-Ermita-de-Farners.png?resize=625%2C884&#038;ssl=1\" alt=\"\" class=\"wp-image-5655\" srcset=\"https:\/\/i0.wp.com\/www.guitarinensemble.com\/blog\/wp-content\/uploads\/2026\/08\/Cartell-Jose-Antonio-Chic-Ermita-de-Farners.png?resize=724%2C1024&amp;ssl=1 724w, https:\/\/i0.wp.com\/www.guitarinensemble.com\/blog\/wp-content\/uploads\/2026\/08\/Cartell-Jose-Antonio-Chic-Ermita-de-Farners.png?resize=212%2C300&amp;ssl=1 212w, https:\/\/i0.wp.com\/www.guitarinensemble.com\/blog\/wp-content\/uploads\/2026\/08\/Cartell-Jose-Antonio-Chic-Ermita-de-Farners.png?resize=768%2C1086&amp;ssl=1 768w, https:\/\/i0.wp.com\/www.guitarinensemble.com\/blog\/wp-content\/uploads\/2026\/08\/Cartell-Jose-Antonio-Chic-Ermita-de-Farners.png?resize=1086%2C1536&amp;ssl=1 1086w, https:\/\/i0.wp.com\/www.guitarinensemble.com\/blog\/wp-content\/uploads\/2026\/08\/Cartell-Jose-Antonio-Chic-Ermita-de-Farners.png?resize=1448%2C2048&amp;ssl=1 1448w, https:\/\/i0.wp.com\/www.guitarinensemble.com\/blog\/wp-content\/uploads\/2026\/08\/Cartell-Jose-Antonio-Chic-Ermita-de-Farners.png?resize=624%2C883&amp;ssl=1 624w, https:\/\/i0.wp.com\/www.guitarinensemble.com\/blog\/wp-content\/uploads\/2026\/08\/Cartell-Jose-Antonio-Chic-Ermita-de-Farners.png?w=1587&amp;ssl=1 1587w, https:\/\/i0.wp.com\/www.guitarinensemble.com\/blog\/wp-content\/uploads\/2026\/08\/Cartell-Jose-Antonio-Chic-Ermita-de-Farners.png?w=1250&amp;ssl=1 1250w\" sizes=\"auto, (max-width: 625px) 100vw, 625px\" \/><\/a><\/figure>\n","protected":false},"excerpt":{"rendered":"<p>[ESP] Continuamos con la gira \u00abTresors de la Guitarra Cl\u00e0ssica\u00bb, y la pr\u00f3xima parada nos llevar\u00e1 a un entorno natural y patrimonial incomparable: la Ermita de la Mare de D\u00e9u de Farners, en Santa Coloma de Farners (Girona), dentro del ciclo Tons i Sons. El concierto tendr\u00e1 lugar el pr\u00f3ximo viernes, 14 de agosto de [&hellip;]<\/p>\n","protected":false},"author":12,"featured_media":0,"comment_status":"open","ping_status":"closed","sticky":false,"template":"","format":"standard","meta":{"advanced_seo_description":"","jetpack_seo_html_title":"","jetpack_seo_noindex":false,"jetpack_seo_schema_type":"","_jetpack_newsletter_access":"","_jetpack_dont_email_post_to_subs":false,"_jetpack_newsletter_tier_id":0,"_jetpack_memberships_contains_paywalled_content":false,"_jetpack_feature_clip_id":0,"_jetpack_memberships_contains_paid_content":false,"footnotes":"","jetpack_publicize_message":"","jetpack_publicize_feature_enabled":true,"jetpack_social_post_already_shared":true,"jetpack_social_options":{"image_generator_settings":{"template":"highway","default_image_id":0,"font":"","enabled":false},"version":2},"jetpack_post_was_ever_published":false},"categories":[6],"tags":[213,209,225,226,99,161,207,227,223,224],"class_list":["post-5654","post","type-post","status-publish","format-standard","hentry","category-noticiasnews","tag-classical-guitar-concert","tag-concierto-guitarra","tag-ermita-de-farners","tag-girona","tag-jose-antonio-chic","tag-live-music","tag-recital-guitarra-clasica","tag-santa-coloma-de-farners","tag-tons-i-sons","tag-tresors-de-la-guitarra-classica"],"jetpack_publicize_connections":[],"jetpack_shortlink":"https:\/\/wp.me\/p9Cgg3-1tc","jetpack-related-posts":[],"jetpack_likes_enabled":true,"jetpack_sharing_enabled":true,"jetpack_featured_media_url":"","_links":{"self":[{"href":"https:\/\/www.guitarinensemble.com\/blog\/wp-json\/wp\/v2\/posts\/5654","targetHints":{"allow":["GET"]}}],"collection":[{"href":"https:\/\/www.guitarinensemble.com\/blog\/wp-json\/wp\/v2\/posts"}],"about":[{"href":"https:\/\/www.guitarinensemble.com\/blog\/wp-json\/wp\/v2\/types\/post"}],"author":[{"embeddable":true,"href":"https:\/\/www.guitarinensemble.com\/blog\/wp-json\/wp\/v2\/users\/12"}],"replies":[{"embeddable":true,"href":"https:\/\/www.guitarinensemble.com\/blog\/wp-json\/wp\/v2\/comments?post=5654"}],"version-history":[{"count":1,"href":"https:\/\/www.guitarinensemble.com\/blog\/wp-json\/wp\/v2\/posts\/5654\/revisions"}],"predecessor-version":[{"id":5656,"href":"https:\/\/www.guitarinensemble.com\/blog\/wp-json\/wp\/v2\/posts\/5654\/revisions\/5656"}],"wp:attachment":[{"href":"https:\/\/www.guitarinensemble.com\/blog\/wp-json\/wp\/v2\/media?parent=5654"}],"wp:term":[{"taxonomy":"category","embeddable":true,"href":"https:\/\/www.guitarinensemble.com\/blog\/wp-json\/wp\/v2\/categories?post=5654"},{"taxonomy":"post_tag","embeddable":true,"href":"https:\/\/www.guitarinensemble.com\/blog\/wp-json\/wp\/v2\/tags?post=5654"}],"curies":[{"name":"wp","href":"https:\/\/api.w.org\/{rel}","templated":true}]}}