{"id":5665,"date":"2026-08-16T09:32:20","date_gmt":"2026-08-16T08:32:20","guid":{"rendered":"https:\/\/www.guitarinensemble.com\/blog\/?p=5665"},"modified":"2026-08-16T09:33:24","modified_gmt":"2026-08-16T08:33:24","slug":"una-noche-magica-de-guitarra-en-la-ermita-de-farners-a-magical-evening-of-guitar-at-the-farners-hermitage","status":"publish","type":"post","link":"https:\/\/www.guitarinensemble.com\/blog\/una-noche-magica-de-guitarra-en-la-ermita-de-farners-a-magical-evening-of-guitar-at-the-farners-hermitage\/","title":{"rendered":"Una noche m\u00e1gica de guitarra en la Ermita de Farners. A Magical Evening of Guitar at the Farners Hermitage."},"content":{"rendered":"\n<p class=\"wp-block-paragraph\" style=\"font-size:16px\"><strong>ESP<\/strong><br>Hay lugares que tienen una ac\u00fastica y un alma especiales, y la <strong>Ermita de Farners<\/strong> en Santa Coloma de Farners es, sin duda, uno de ellos.<\/p>\n\n\n\n<p class=\"wp-block-paragraph\" style=\"font-size:16px\">El pasado 14 de agosto tuve la alegr\u00eda de ofrecer un concierto a solo dentro de la gira <strong>\u00abTesoros de la Guitarra Cl\u00e1sica\u00bb<\/strong>. La magia del templo, ba\u00f1ado en una luz azul que invitaba a la escucha atenta, cre\u00f3 el escenario perfecto para compartir cada nota con un p\u00fablico extraordinario.<\/p>\n\n\n\n<p class=\"wp-block-paragraph\" style=\"font-size:16px\">Fue una noche donde la m\u00fasica y el patrimonio se fundieron en un di\u00e1logo c\u00e1lido y cercano. Ver el recinto repleto y sentir esa atenci\u00f3n llena de respeto y sensibilidad es el mejor regalo que un m\u00fasico puede recibir sobre el escenario.<\/p>\n\n\n\n<p class=\"wp-block-paragraph\" style=\"font-size:16px\">Quiero expresar mi m\u00e1s sincero agradecimiento a todas las personas que nos acompa\u00f1aron y llenaron el templo de vida, as\u00ed como a la organizaci\u00f3n y al Ayuntamiento de Santa Coloma de Farners por hacer posible este encuentro con la cultura.<\/p>\n\n\n\n<p class=\"wp-block-paragraph\" style=\"font-size:16px\">Os dejo una peque\u00f1a galer\u00eda de im\u00e1genes para recordar una velada inolvidable. \u00a1Nos vemos en el pr\u00f3ximo concierto!<br>**********<br><strong>ENG<\/strong><br><em>Some places possess a special acoustics and soul, and the <strong>Farners Hermitage<\/strong> in Santa Coloma de Farners is undoubtedly one of them.<\/em><\/p>\n\n\n\n<p class=\"wp-block-paragraph\" style=\"font-size:16px\"><em>This past August 14th, I had the joy of performing a solo concert as part of my <strong>\u00abTreasures of the Classical Guitar\u00bb<\/strong> tour. The magic of the chapel, bathed in a deep blue light that invited attentive listening, created the perfect setting to share every note with an extraordinary audience.<\/em><\/p>\n\n\n\n<p class=\"wp-block-paragraph\" style=\"font-size:16px\"><em>It was an evening where music and heritage blended into a warm and close dialogue. Seeing the venue completely full and feeling that attention full of respect and sensitivity is the best gift a musician can receive on stage.<\/em><\/p>\n\n\n\n<p class=\"wp-block-paragraph\" style=\"font-size:16px\"><em>I wish to express my deepest gratitude to all the people who accompanied us and filled the chapel with life, as well as to the organization and the Santa Coloma de Farners Town Council for making this cultural encounter possible.<\/em><\/p>\n\n\n\n<p class=\"wp-block-paragraph\" style=\"font-size:16px\"><em>I leave you with a small gallery of images to remember an unforgettable evening. See you at the next concert!<\/em><br><\/p>\n\n\n\n<figure class=\"wp-block-gallery has-nested-images columns-default is-cropped wp-block-gallery-1 is-layout-flex wp-block-gallery-is-layout-flex\">\n<figure class=\"wp-block-image size-large\"><a href=\"https:\/\/i0.wp.com\/www.guitarinensemble.com\/blog\/wp-content\/uploads\/2026\/08\/Jose-Antonio-Chic-en-la-Ermita-de-la-Mare-de-Deu-de-Farners-1-6.jpg?ssl=1\"><img data-recalc-dims=\"1\" loading=\"lazy\" decoding=\"async\" width=\"625\" height=\"1019\" data-attachment-id=\"5671\" data-permalink=\"https:\/\/www.guitarinensemble.com\/blog\/jose-antonio-chic-en-la-ermita-de-la-mare-de-deu-de-farners-1-6\/\" data-orig-file=\"https:\/\/i0.wp.com\/www.guitarinensemble.com\/blog\/wp-content\/uploads\/2026\/08\/Jose-Antonio-Chic-en-la-Ermita-de-la-Mare-de-Deu-de-Farners-1-6.jpg?fit=1255%2C2048&amp;ssl=1\" data-orig-size=\"1255,2048\" data-comments-opened=\"1\" data-image-meta=\"{&quot;aperture&quot;:&quot;0&quot;,&quot;credit&quot;:&quot;&quot;,&quot;camera&quot;:&quot;&quot;,&quot;caption&quot;:&quot;&quot;,&quot;created_timestamp&quot;:&quot;0&quot;,&quot;copyright&quot;:&quot;&quot;,&quot;focal_length&quot;:&quot;0&quot;,&quot;iso&quot;:&quot;0&quot;,&quot;shutter_speed&quot;:&quot;0&quot;,&quot;title&quot;:&quot;&quot;,&quot;orientation&quot;:&quot;0&quot;,&quot;alt&quot;:&quot;&quot;}\" data-image-title=\"Jos\u00e9 Antonio Chic en la Ermita de la Mare de D\u00e9u de Farners 1 (6)\" data-image-description=\"\" data-image-caption=\"\" data-large-file=\"https:\/\/i0.wp.com\/www.guitarinensemble.com\/blog\/wp-content\/uploads\/2026\/08\/Jose-Antonio-Chic-en-la-Ermita-de-la-Mare-de-Deu-de-Farners-1-6.jpg?fit=625%2C1019&amp;ssl=1\" data-id=\"5671\" src=\"https:\/\/i0.wp.com\/www.guitarinensemble.com\/blog\/wp-content\/uploads\/2026\/08\/Jose-Antonio-Chic-en-la-Ermita-de-la-Mare-de-Deu-de-Farners-1-6.jpg?resize=625%2C1019&#038;ssl=1\" alt=\"\" class=\"wp-image-5671\" srcset=\"https:\/\/i0.wp.com\/www.guitarinensemble.com\/blog\/wp-content\/uploads\/2026\/08\/Jose-Antonio-Chic-en-la-Ermita-de-la-Mare-de-Deu-de-Farners-1-6.jpg?resize=628%2C1024&amp;ssl=1 628w, https:\/\/i0.wp.com\/www.guitarinensemble.com\/blog\/wp-content\/uploads\/2026\/08\/Jose-Antonio-Chic-en-la-Ermita-de-la-Mare-de-Deu-de-Farners-1-6.jpg?resize=184%2C300&amp;ssl=1 184w, https:\/\/i0.wp.com\/www.guitarinensemble.com\/blog\/wp-content\/uploads\/2026\/08\/Jose-Antonio-Chic-en-la-Ermita-de-la-Mare-de-Deu-de-Farners-1-6.jpg?resize=768%2C1253&amp;ssl=1 768w, https:\/\/i0.wp.com\/www.guitarinensemble.com\/blog\/wp-content\/uploads\/2026\/08\/Jose-Antonio-Chic-en-la-Ermita-de-la-Mare-de-Deu-de-Farners-1-6.jpg?resize=941%2C1536&amp;ssl=1 941w, https:\/\/i0.wp.com\/www.guitarinensemble.com\/blog\/wp-content\/uploads\/2026\/08\/Jose-Antonio-Chic-en-la-Ermita-de-la-Mare-de-Deu-de-Farners-1-6.jpg?resize=624%2C1018&amp;ssl=1 624w, https:\/\/i0.wp.com\/www.guitarinensemble.com\/blog\/wp-content\/uploads\/2026\/08\/Jose-Antonio-Chic-en-la-Ermita-de-la-Mare-de-Deu-de-Farners-1-6.jpg?w=1255&amp;ssl=1 1255w\" sizes=\"auto, (max-width: 625px) 100vw, 625px\" \/><\/a><\/figure>\n\n\n\n<figure class=\"wp-block-image size-large\"><a href=\"https:\/\/i0.wp.com\/www.guitarinensemble.com\/blog\/wp-content\/uploads\/2026\/08\/Jose-Antonio-Chic-en-la-Ermita-de-la-Mare-de-Deu-de-Farners-1-7.jpg?ssl=1\"><img data-recalc-dims=\"1\" loading=\"lazy\" decoding=\"async\" width=\"461\" height=\"1024\" data-attachment-id=\"5672\" data-permalink=\"https:\/\/www.guitarinensemble.com\/blog\/jose-antonio-chic-en-la-ermita-de-la-mare-de-deu-de-farners-1-7\/\" data-orig-file=\"https:\/\/i0.wp.com\/www.guitarinensemble.com\/blog\/wp-content\/uploads\/2026\/08\/Jose-Antonio-Chic-en-la-Ermita-de-la-Mare-de-Deu-de-Farners-1-7.jpg?fit=900%2C2000&amp;ssl=1\" data-orig-size=\"900,2000\" data-comments-opened=\"1\" data-image-meta=\"{&quot;aperture&quot;:&quot;0&quot;,&quot;credit&quot;:&quot;&quot;,&quot;camera&quot;:&quot;&quot;,&quot;caption&quot;:&quot;&quot;,&quot;created_timestamp&quot;:&quot;0&quot;,&quot;copyright&quot;:&quot;&quot;,&quot;focal_length&quot;:&quot;0&quot;,&quot;iso&quot;:&quot;0&quot;,&quot;shutter_speed&quot;:&quot;0&quot;,&quot;title&quot;:&quot;&quot;,&quot;orientation&quot;:&quot;0&quot;,&quot;alt&quot;:&quot;&quot;}\" data-image-title=\"Jos\u00e9 Antonio Chic en la Ermita de la Mare de D\u00e9u de Farners 1 (7)\" data-image-description=\"\" data-image-caption=\"\" data-large-file=\"https:\/\/i0.wp.com\/www.guitarinensemble.com\/blog\/wp-content\/uploads\/2026\/08\/Jose-Antonio-Chic-en-la-Ermita-de-la-Mare-de-Deu-de-Farners-1-7.jpg?fit=461%2C1024&amp;ssl=1\" data-id=\"5672\" src=\"https:\/\/i0.wp.com\/www.guitarinensemble.com\/blog\/wp-content\/uploads\/2026\/08\/Jose-Antonio-Chic-en-la-Ermita-de-la-Mare-de-Deu-de-Farners-1-7.jpg?resize=461%2C1024&#038;ssl=1\" alt=\"\" class=\"wp-image-5672\" srcset=\"https:\/\/i0.wp.com\/www.guitarinensemble.com\/blog\/wp-content\/uploads\/2026\/08\/Jose-Antonio-Chic-en-la-Ermita-de-la-Mare-de-Deu-de-Farners-1-7.jpg?resize=461%2C1024&amp;ssl=1 461w, https:\/\/i0.wp.com\/www.guitarinensemble.com\/blog\/wp-content\/uploads\/2026\/08\/Jose-Antonio-Chic-en-la-Ermita-de-la-Mare-de-Deu-de-Farners-1-7.jpg?resize=135%2C300&amp;ssl=1 135w, https:\/\/i0.wp.com\/www.guitarinensemble.com\/blog\/wp-content\/uploads\/2026\/08\/Jose-Antonio-Chic-en-la-Ermita-de-la-Mare-de-Deu-de-Farners-1-7.jpg?resize=768%2C1707&amp;ssl=1 768w, https:\/\/i0.wp.com\/www.guitarinensemble.com\/blog\/wp-content\/uploads\/2026\/08\/Jose-Antonio-Chic-en-la-Ermita-de-la-Mare-de-Deu-de-Farners-1-7.jpg?resize=691%2C1536&amp;ssl=1 691w, https:\/\/i0.wp.com\/www.guitarinensemble.com\/blog\/wp-content\/uploads\/2026\/08\/Jose-Antonio-Chic-en-la-Ermita-de-la-Mare-de-Deu-de-Farners-1-7.jpg?resize=624%2C1387&amp;ssl=1 624w, https:\/\/i0.wp.com\/www.guitarinensemble.com\/blog\/wp-content\/uploads\/2026\/08\/Jose-Antonio-Chic-en-la-Ermita-de-la-Mare-de-Deu-de-Farners-1-7.jpg?w=900&amp;ssl=1 900w\" sizes=\"auto, (max-width: 461px) 100vw, 461px\" \/><\/a><\/figure>\n\n\n\n<figure class=\"wp-block-image size-large\"><a href=\"https:\/\/i0.wp.com\/www.guitarinensemble.com\/blog\/wp-content\/uploads\/2026\/08\/Jose-Antonio-Chic-en-la-Ermita-de-la-Mare-de-Deu-de-Farners-1-1.jpg?ssl=1\"><img data-recalc-dims=\"1\" loading=\"lazy\" decoding=\"async\" width=\"461\" height=\"1024\" data-attachment-id=\"5666\" data-permalink=\"https:\/\/www.guitarinensemble.com\/blog\/jose-antonio-chic-en-la-ermita-de-la-mare-de-deu-de-farners-1-1\/\" data-orig-file=\"https:\/\/i0.wp.com\/www.guitarinensemble.com\/blog\/wp-content\/uploads\/2026\/08\/Jose-Antonio-Chic-en-la-Ermita-de-la-Mare-de-Deu-de-Farners-1-1.jpg?fit=900%2C2000&amp;ssl=1\" data-orig-size=\"900,2000\" data-comments-opened=\"1\" data-image-meta=\"{&quot;aperture&quot;:&quot;0&quot;,&quot;credit&quot;:&quot;&quot;,&quot;camera&quot;:&quot;&quot;,&quot;caption&quot;:&quot;&quot;,&quot;created_timestamp&quot;:&quot;0&quot;,&quot;copyright&quot;:&quot;&quot;,&quot;focal_length&quot;:&quot;0&quot;,&quot;iso&quot;:&quot;0&quot;,&quot;shutter_speed&quot;:&quot;0&quot;,&quot;title&quot;:&quot;&quot;,&quot;orientation&quot;:&quot;0&quot;,&quot;alt&quot;:&quot;&quot;}\" data-image-title=\"Jos\u00e9 Antonio Chic en la Ermita de la Mare de D\u00e9u de Farners 1 (1)\" data-image-description=\"\" data-image-caption=\"\" data-large-file=\"https:\/\/i0.wp.com\/www.guitarinensemble.com\/blog\/wp-content\/uploads\/2026\/08\/Jose-Antonio-Chic-en-la-Ermita-de-la-Mare-de-Deu-de-Farners-1-1.jpg?fit=461%2C1024&amp;ssl=1\" data-id=\"5666\" src=\"https:\/\/i0.wp.com\/www.guitarinensemble.com\/blog\/wp-content\/uploads\/2026\/08\/Jose-Antonio-Chic-en-la-Ermita-de-la-Mare-de-Deu-de-Farners-1-1.jpg?resize=461%2C1024&#038;ssl=1\" alt=\"\" class=\"wp-image-5666\" srcset=\"https:\/\/i0.wp.com\/www.guitarinensemble.com\/blog\/wp-content\/uploads\/2026\/08\/Jose-Antonio-Chic-en-la-Ermita-de-la-Mare-de-Deu-de-Farners-1-1.jpg?resize=461%2C1024&amp;ssl=1 461w, https:\/\/i0.wp.com\/www.guitarinensemble.com\/blog\/wp-content\/uploads\/2026\/08\/Jose-Antonio-Chic-en-la-Ermita-de-la-Mare-de-Deu-de-Farners-1-1.jpg?resize=135%2C300&amp;ssl=1 135w, https:\/\/i0.wp.com\/www.guitarinensemble.com\/blog\/wp-content\/uploads\/2026\/08\/Jose-Antonio-Chic-en-la-Ermita-de-la-Mare-de-Deu-de-Farners-1-1.jpg?resize=768%2C1707&amp;ssl=1 768w, https:\/\/i0.wp.com\/www.guitarinensemble.com\/blog\/wp-content\/uploads\/2026\/08\/Jose-Antonio-Chic-en-la-Ermita-de-la-Mare-de-Deu-de-Farners-1-1.jpg?resize=691%2C1536&amp;ssl=1 691w, https:\/\/i0.wp.com\/www.guitarinensemble.com\/blog\/wp-content\/uploads\/2026\/08\/Jose-Antonio-Chic-en-la-Ermita-de-la-Mare-de-Deu-de-Farners-1-1.jpg?resize=624%2C1387&amp;ssl=1 624w, https:\/\/i0.wp.com\/www.guitarinensemble.com\/blog\/wp-content\/uploads\/2026\/08\/Jose-Antonio-Chic-en-la-Ermita-de-la-Mare-de-Deu-de-Farners-1-1.jpg?w=900&amp;ssl=1 900w\" sizes=\"auto, (max-width: 461px) 100vw, 461px\" \/><\/a><\/figure>\n\n\n\n<figure class=\"wp-block-image size-large\"><a href=\"https:\/\/i0.wp.com\/www.guitarinensemble.com\/blog\/wp-content\/uploads\/2026\/08\/Jose-Antonio-Chic-en-la-Ermita-de-la-Mare-de-Deu-de-Farners-1-5.jpg?ssl=1\"><img data-recalc-dims=\"1\" loading=\"lazy\" decoding=\"async\" width=\"625\" height=\"982\" data-attachment-id=\"5670\" data-permalink=\"https:\/\/www.guitarinensemble.com\/blog\/jose-antonio-chic-en-la-ermita-de-la-mare-de-deu-de-farners-1-5\/\" data-orig-file=\"https:\/\/i0.wp.com\/www.guitarinensemble.com\/blog\/wp-content\/uploads\/2026\/08\/Jose-Antonio-Chic-en-la-Ermita-de-la-Mare-de-Deu-de-Farners-1-5.jpg?fit=1144%2C1796&amp;ssl=1\" data-orig-size=\"1144,1796\" data-comments-opened=\"1\" data-image-meta=\"{&quot;aperture&quot;:&quot;0&quot;,&quot;credit&quot;:&quot;&quot;,&quot;camera&quot;:&quot;&quot;,&quot;caption&quot;:&quot;&quot;,&quot;created_timestamp&quot;:&quot;0&quot;,&quot;copyright&quot;:&quot;&quot;,&quot;focal_length&quot;:&quot;0&quot;,&quot;iso&quot;:&quot;0&quot;,&quot;shutter_speed&quot;:&quot;0&quot;,&quot;title&quot;:&quot;&quot;,&quot;orientation&quot;:&quot;0&quot;,&quot;alt&quot;:&quot;&quot;}\" data-image-title=\"Jos\u00e9 Antonio Chic en la Ermita de la Mare de D\u00e9u de Farners 1 (5)\" data-image-description=\"\" data-image-caption=\"\" data-large-file=\"https:\/\/i0.wp.com\/www.guitarinensemble.com\/blog\/wp-content\/uploads\/2026\/08\/Jose-Antonio-Chic-en-la-Ermita-de-la-Mare-de-Deu-de-Farners-1-5.jpg?fit=625%2C982&amp;ssl=1\" data-id=\"5670\" src=\"https:\/\/i0.wp.com\/www.guitarinensemble.com\/blog\/wp-content\/uploads\/2026\/08\/Jose-Antonio-Chic-en-la-Ermita-de-la-Mare-de-Deu-de-Farners-1-5.jpg?resize=625%2C982&#038;ssl=1\" alt=\"\" class=\"wp-image-5670\" srcset=\"https:\/\/i0.wp.com\/www.guitarinensemble.com\/blog\/wp-content\/uploads\/2026\/08\/Jose-Antonio-Chic-en-la-Ermita-de-la-Mare-de-Deu-de-Farners-1-5.jpg?resize=652%2C1024&amp;ssl=1 652w, https:\/\/i0.wp.com\/www.guitarinensemble.com\/blog\/wp-content\/uploads\/2026\/08\/Jose-Antonio-Chic-en-la-Ermita-de-la-Mare-de-Deu-de-Farners-1-5.jpg?resize=191%2C300&amp;ssl=1 191w, https:\/\/i0.wp.com\/www.guitarinensemble.com\/blog\/wp-content\/uploads\/2026\/08\/Jose-Antonio-Chic-en-la-Ermita-de-la-Mare-de-Deu-de-Farners-1-5.jpg?resize=768%2C1206&amp;ssl=1 768w, https:\/\/i0.wp.com\/www.guitarinensemble.com\/blog\/wp-content\/uploads\/2026\/08\/Jose-Antonio-Chic-en-la-Ermita-de-la-Mare-de-Deu-de-Farners-1-5.jpg?resize=978%2C1536&amp;ssl=1 978w, https:\/\/i0.wp.com\/www.guitarinensemble.com\/blog\/wp-content\/uploads\/2026\/08\/Jose-Antonio-Chic-en-la-Ermita-de-la-Mare-de-Deu-de-Farners-1-5.jpg?resize=624%2C980&amp;ssl=1 624w, https:\/\/i0.wp.com\/www.guitarinensemble.com\/blog\/wp-content\/uploads\/2026\/08\/Jose-Antonio-Chic-en-la-Ermita-de-la-Mare-de-Deu-de-Farners-1-5.jpg?w=1144&amp;ssl=1 1144w\" sizes=\"auto, (max-width: 625px) 100vw, 625px\" \/><\/a><\/figure>\n\n\n\n<figure class=\"wp-block-image size-large\"><a href=\"https:\/\/i0.wp.com\/www.guitarinensemble.com\/blog\/wp-content\/uploads\/2026\/08\/Jose-Antonio-Chic-en-la-Ermita-de-la-Mare-de-Deu-de-Farners-1-2.jpg?ssl=1\"><img data-recalc-dims=\"1\" loading=\"lazy\" decoding=\"async\" width=\"461\" height=\"1024\" data-attachment-id=\"5667\" data-permalink=\"https:\/\/www.guitarinensemble.com\/blog\/jose-antonio-chic-en-la-ermita-de-la-mare-de-deu-de-farners-1-2\/\" data-orig-file=\"https:\/\/i0.wp.com\/www.guitarinensemble.com\/blog\/wp-content\/uploads\/2026\/08\/Jose-Antonio-Chic-en-la-Ermita-de-la-Mare-de-Deu-de-Farners-1-2.jpg?fit=900%2C2000&amp;ssl=1\" data-orig-size=\"900,2000\" data-comments-opened=\"1\" data-image-meta=\"{&quot;aperture&quot;:&quot;0&quot;,&quot;credit&quot;:&quot;&quot;,&quot;camera&quot;:&quot;&quot;,&quot;caption&quot;:&quot;&quot;,&quot;created_timestamp&quot;:&quot;0&quot;,&quot;copyright&quot;:&quot;&quot;,&quot;focal_length&quot;:&quot;0&quot;,&quot;iso&quot;:&quot;0&quot;,&quot;shutter_speed&quot;:&quot;0&quot;,&quot;title&quot;:&quot;&quot;,&quot;orientation&quot;:&quot;0&quot;,&quot;alt&quot;:&quot;&quot;}\" data-image-title=\"Jos\u00e9 Antonio Chic en la Ermita de la Mare de D\u00e9u de Farners 1 (2)\" data-image-description=\"\" data-image-caption=\"\" data-large-file=\"https:\/\/i0.wp.com\/www.guitarinensemble.com\/blog\/wp-content\/uploads\/2026\/08\/Jose-Antonio-Chic-en-la-Ermita-de-la-Mare-de-Deu-de-Farners-1-2.jpg?fit=461%2C1024&amp;ssl=1\" data-id=\"5667\" src=\"https:\/\/i0.wp.com\/www.guitarinensemble.com\/blog\/wp-content\/uploads\/2026\/08\/Jose-Antonio-Chic-en-la-Ermita-de-la-Mare-de-Deu-de-Farners-1-2.jpg?resize=461%2C1024&#038;ssl=1\" alt=\"\" class=\"wp-image-5667\" srcset=\"https:\/\/i0.wp.com\/www.guitarinensemble.com\/blog\/wp-content\/uploads\/2026\/08\/Jose-Antonio-Chic-en-la-Ermita-de-la-Mare-de-Deu-de-Farners-1-2.jpg?resize=461%2C1024&amp;ssl=1 461w, https:\/\/i0.wp.com\/www.guitarinensemble.com\/blog\/wp-content\/uploads\/2026\/08\/Jose-Antonio-Chic-en-la-Ermita-de-la-Mare-de-Deu-de-Farners-1-2.jpg?resize=135%2C300&amp;ssl=1 135w, https:\/\/i0.wp.com\/www.guitarinensemble.com\/blog\/wp-content\/uploads\/2026\/08\/Jose-Antonio-Chic-en-la-Ermita-de-la-Mare-de-Deu-de-Farners-1-2.jpg?resize=768%2C1707&amp;ssl=1 768w, https:\/\/i0.wp.com\/www.guitarinensemble.com\/blog\/wp-content\/uploads\/2026\/08\/Jose-Antonio-Chic-en-la-Ermita-de-la-Mare-de-Deu-de-Farners-1-2.jpg?resize=691%2C1536&amp;ssl=1 691w, https:\/\/i0.wp.com\/www.guitarinensemble.com\/blog\/wp-content\/uploads\/2026\/08\/Jose-Antonio-Chic-en-la-Ermita-de-la-Mare-de-Deu-de-Farners-1-2.jpg?resize=624%2C1387&amp;ssl=1 624w, https:\/\/i0.wp.com\/www.guitarinensemble.com\/blog\/wp-content\/uploads\/2026\/08\/Jose-Antonio-Chic-en-la-Ermita-de-la-Mare-de-Deu-de-Farners-1-2.jpg?w=900&amp;ssl=1 900w\" sizes=\"auto, (max-width: 461px) 100vw, 461px\" \/><\/a><\/figure>\n\n\n\n<figure class=\"wp-block-image size-large\"><a href=\"https:\/\/i0.wp.com\/www.guitarinensemble.com\/blog\/wp-content\/uploads\/2026\/08\/Jose-Antonio-Chic-en-la-Ermita-de-la-Mare-de-Deu-de-Farners-1-4.jpg?ssl=1\"><img data-recalc-dims=\"1\" loading=\"lazy\" decoding=\"async\" width=\"461\" height=\"1024\" data-attachment-id=\"5669\" data-permalink=\"https:\/\/www.guitarinensemble.com\/blog\/jose-antonio-chic-en-la-ermita-de-la-mare-de-deu-de-farners-1-4\/\" data-orig-file=\"https:\/\/i0.wp.com\/www.guitarinensemble.com\/blog\/wp-content\/uploads\/2026\/08\/Jose-Antonio-Chic-en-la-Ermita-de-la-Mare-de-Deu-de-Farners-1-4.jpg?fit=900%2C2000&amp;ssl=1\" data-orig-size=\"900,2000\" data-comments-opened=\"1\" data-image-meta=\"{&quot;aperture&quot;:&quot;0&quot;,&quot;credit&quot;:&quot;&quot;,&quot;camera&quot;:&quot;&quot;,&quot;caption&quot;:&quot;&quot;,&quot;created_timestamp&quot;:&quot;0&quot;,&quot;copyright&quot;:&quot;&quot;,&quot;focal_length&quot;:&quot;0&quot;,&quot;iso&quot;:&quot;0&quot;,&quot;shutter_speed&quot;:&quot;0&quot;,&quot;title&quot;:&quot;&quot;,&quot;orientation&quot;:&quot;0&quot;,&quot;alt&quot;:&quot;&quot;}\" data-image-title=\"Jos\u00e9 Antonio Chic en la Ermita de la Mare de D\u00e9u de Farners 1 (4)\" data-image-description=\"\" data-image-caption=\"\" data-large-file=\"https:\/\/i0.wp.com\/www.guitarinensemble.com\/blog\/wp-content\/uploads\/2026\/08\/Jose-Antonio-Chic-en-la-Ermita-de-la-Mare-de-Deu-de-Farners-1-4.jpg?fit=461%2C1024&amp;ssl=1\" data-id=\"5669\" src=\"https:\/\/i0.wp.com\/www.guitarinensemble.com\/blog\/wp-content\/uploads\/2026\/08\/Jose-Antonio-Chic-en-la-Ermita-de-la-Mare-de-Deu-de-Farners-1-4.jpg?resize=461%2C1024&#038;ssl=1\" alt=\"\" class=\"wp-image-5669\" srcset=\"https:\/\/i0.wp.com\/www.guitarinensemble.com\/blog\/wp-content\/uploads\/2026\/08\/Jose-Antonio-Chic-en-la-Ermita-de-la-Mare-de-Deu-de-Farners-1-4.jpg?resize=461%2C1024&amp;ssl=1 461w, https:\/\/i0.wp.com\/www.guitarinensemble.com\/blog\/wp-content\/uploads\/2026\/08\/Jose-Antonio-Chic-en-la-Ermita-de-la-Mare-de-Deu-de-Farners-1-4.jpg?resize=135%2C300&amp;ssl=1 135w, https:\/\/i0.wp.com\/www.guitarinensemble.com\/blog\/wp-content\/uploads\/2026\/08\/Jose-Antonio-Chic-en-la-Ermita-de-la-Mare-de-Deu-de-Farners-1-4.jpg?resize=768%2C1707&amp;ssl=1 768w, https:\/\/i0.wp.com\/www.guitarinensemble.com\/blog\/wp-content\/uploads\/2026\/08\/Jose-Antonio-Chic-en-la-Ermita-de-la-Mare-de-Deu-de-Farners-1-4.jpg?resize=691%2C1536&amp;ssl=1 691w, https:\/\/i0.wp.com\/www.guitarinensemble.com\/blog\/wp-content\/uploads\/2026\/08\/Jose-Antonio-Chic-en-la-Ermita-de-la-Mare-de-Deu-de-Farners-1-4.jpg?resize=624%2C1387&amp;ssl=1 624w, https:\/\/i0.wp.com\/www.guitarinensemble.com\/blog\/wp-content\/uploads\/2026\/08\/Jose-Antonio-Chic-en-la-Ermita-de-la-Mare-de-Deu-de-Farners-1-4.jpg?w=900&amp;ssl=1 900w\" sizes=\"auto, (max-width: 461px) 100vw, 461px\" \/><\/a><\/figure>\n<\/figure>\n","protected":false},"excerpt":{"rendered":"<p>ESPHay lugares que tienen una ac\u00fastica y un alma especiales, y la Ermita de Farners en Santa Coloma de Farners es, sin duda, uno de ellos. El pasado 14 de agosto tuve la alegr\u00eda de ofrecer un concierto a solo dentro de la gira \u00abTesoros de la Guitarra Cl\u00e1sica\u00bb. La magia del templo, ba\u00f1ado en [&hellip;]<\/p>\n","protected":false},"author":12,"featured_media":0,"comment_status":"open","ping_status":"closed","sticky":false,"template":"","format":"standard","meta":{"advanced_seo_description":"","jetpack_seo_html_title":"","jetpack_seo_noindex":false,"jetpack_seo_schema_type":"","_jetpack_newsletter_access":"","_jetpack_dont_email_post_to_subs":false,"_jetpack_newsletter_tier_id":0,"_jetpack_memberships_contains_paywalled_content":false,"_jetpack_feature_clip_id":0,"_jetpack_memberships_contains_paid_content":false,"footnotes":"","jetpack_publicize_message":"","jetpack_publicize_feature_enabled":true,"jetpack_social_post_already_shared":true,"jetpack_social_options":{"image_generator_settings":{"template":"highway","default_image_id":0,"font":"","enabled":false},"version":2},"jetpack_post_was_ever_published":false},"categories":[6],"tags":[121,213,57,225,105,214,156,229,227,128,192],"class_list":["post-5665","post","type-post","status-publish","format-standard","hentry","category-noticiasnews","tag-classical-guitar","tag-classical-guitar-concert","tag-conciertos","tag-ermita-de-farners","tag-guitarra-clasica","tag-live-classical-music","tag-musica-en-directo","tag-patrimonio-y-musica","tag-santa-coloma-de-farners","tag-tesoros-de-la-guitarra-clasica","tag-treasures-of-the-classical-guitar"],"jetpack_publicize_connections":[],"jetpack_shortlink":"https:\/\/wp.me\/p9Cgg3-1tn","jetpack-related-posts":[],"jetpack_likes_enabled":true,"jetpack_sharing_enabled":true,"jetpack_featured_media_url":"","_links":{"self":[{"href":"https:\/\/www.guitarinensemble.com\/blog\/wp-json\/wp\/v2\/posts\/5665","targetHints":{"allow":["GET"]}}],"collection":[{"href":"https:\/\/www.guitarinensemble.com\/blog\/wp-json\/wp\/v2\/posts"}],"about":[{"href":"https:\/\/www.guitarinensemble.com\/blog\/wp-json\/wp\/v2\/types\/post"}],"author":[{"embeddable":true,"href":"https:\/\/www.guitarinensemble.com\/blog\/wp-json\/wp\/v2\/users\/12"}],"replies":[{"embeddable":true,"href":"https:\/\/www.guitarinensemble.com\/blog\/wp-json\/wp\/v2\/comments?post=5665"}],"version-history":[{"count":2,"href":"https:\/\/www.guitarinensemble.com\/blog\/wp-json\/wp\/v2\/posts\/5665\/revisions"}],"predecessor-version":[{"id":5674,"href":"https:\/\/www.guitarinensemble.com\/blog\/wp-json\/wp\/v2\/posts\/5665\/revisions\/5674"}],"wp:attachment":[{"href":"https:\/\/www.guitarinensemble.com\/blog\/wp-json\/wp\/v2\/media?parent=5665"}],"wp:term":[{"taxonomy":"category","embeddable":true,"href":"https:\/\/www.guitarinensemble.com\/blog\/wp-json\/wp\/v2\/categories?post=5665"},{"taxonomy":"post_tag","embeddable":true,"href":"https:\/\/www.guitarinensemble.com\/blog\/wp-json\/wp\/v2\/tags?post=5665"}],"curies":[{"name":"wp","href":"https:\/\/api.w.org\/{rel}","templated":true}]}}