{"id":5675,"date":"2026-08-19T06:39:32","date_gmt":"2026-08-19T05:39:32","guid":{"rendered":"https:\/\/www.guitarinensemble.com\/blog\/?p=5675"},"modified":"2026-08-19T06:41:15","modified_gmt":"2026-08-19T05:41:15","slug":"proxima-parada-de-tesoros-de-la-guitarra-clasica-en-cerler-next-stop-of-treasures-of-classical-guitar-in-cerler","status":"publish","type":"post","link":"https:\/\/www.guitarinensemble.com\/blog\/proxima-parada-de-tesoros-de-la-guitarra-clasica-en-cerler-next-stop-of-treasures-of-classical-guitar-in-cerler\/","title":{"rendered":"Pr\u00f3xima parada de \u00abTesoros de la guitarra cl\u00e1sica\u00bb en Cerler. Next stop of \u00abTreasures of Classical Guitar\u00bb in Cerler."},"content":{"rendered":"\n<p class=\"wp-block-paragraph\" style=\"font-size:16px\"><strong>ESP <\/strong><br>\u00a1Hola a todos! Es un placer anunciar mi pr\u00f3ximo concierto. Me hace mucha ilusi\u00f3n llevar mi m\u00fasica a un rinc\u00f3n tan especial del Pirineo aragon\u00e9s como es Cerler.<\/p>\n\n\n\n<p class=\"wp-block-paragraph\" style=\"font-size:16px\">Os invito a una velada titulada <strong>\u00abTesoros de la guitarra cl\u00e1sica\u00bb<\/strong>, donde interpretar\u00e9 una selecci\u00f3n de piezas muy queridas que celebran la belleza y la profundidad de este instrumento.<\/p>\n\n\n\n<p class=\"wp-block-paragraph\" style=\"font-size:16px\">Aqu\u00ed ten\u00e9is todos los detalles:<\/p>\n\n\n\n<ul class=\"wp-block-list\">\n<li style=\"font-size:16px\"><strong>Evento:<\/strong> \u00abTesoros de la guitarra cl\u00e1sica\u00bb<\/li>\n\n\n\n<li><strong>Lugar:<\/strong> Iglesia de San Lorenzo, Cerler (Huesca)<\/li>\n\n\n\n<li><strong>Fecha:<\/strong> S\u00e1bado, 22 de agosto de 2026<\/li>\n\n\n\n<li><strong>Hora:<\/strong> 19:30 h<\/li>\n\n\n\n<li><strong>Entrada:<\/strong> Libre<\/li>\n<\/ul>\n\n\n\n<p class=\"wp-block-paragraph\" style=\"font-size:16px\">Este evento es organizado por la <strong>Asociaci\u00f3n de vecinos y amigos de Cerler PICO SARLL\u00c9<\/strong>, con la colaboraci\u00f3n de otras entidades locales.<\/p>\n\n\n\n<p class=\"wp-block-paragraph\" style=\"font-size:16px\">\u00a1Os espero a todos para compartir juntos una noche de m\u00fasica inolvidable en un entorno inigualable!<br><br><strong>ENG<\/strong><br>Hello everyone! I am delighted to announce my upcoming concert. I am very excited to bring my music to such a special corner of the Aragonese Pyrenees as Cerler.<\/p>\n\n\n\n<p class=\"wp-block-paragraph\" style=\"font-size:16px\">I invite you to an evening titled <strong>\u00abTreasures of Classical Guitar,\u00bb<\/strong> where I will perform a selection of beloved pieces that celebrate the beauty and depth of this instrument.<\/p>\n\n\n\n<p class=\"wp-block-paragraph\" style=\"font-size:16px\">Here are all the details:<\/p>\n\n\n\n<ul class=\"wp-block-list\">\n<li style=\"font-size:16px\"><strong>Event:<\/strong> \u00abTreasures of Classical Guitar\u00bb<\/li>\n\n\n\n<li><strong>Venue:<\/strong> Church of San Lorenzo, Cerler (Huesca)<\/li>\n\n\n\n<li><strong>Date:<\/strong> Saturday, August 22nd, 2026<\/li>\n\n\n\n<li><strong>Time:<\/strong> 7:30 PM (19:30 h)<\/li>\n\n\n\n<li><strong>Admission:<\/strong> Free<\/li>\n<\/ul>\n\n\n\n<p class=\"wp-block-paragraph\" style=\"font-size:16px\">This event is organized by the <strong>PICO SARLL\u00c9 Neighbors and Friends Association of Cerler<\/strong>, with the collaboration of other local entities.<\/p>\n\n\n\n<figure class=\"wp-block-image size-large\"><a href=\"https:\/\/i0.wp.com\/www.guitarinensemble.com\/blog\/wp-content\/uploads\/2026\/08\/Cartel-Jose-Antonio-Chic.-Cerler-2026.png?ssl=1\"><img data-recalc-dims=\"1\" loading=\"lazy\" decoding=\"async\" width=\"625\" height=\"884\" data-attachment-id=\"5676\" data-permalink=\"https:\/\/www.guitarinensemble.com\/blog\/proxima-parada-de-tesoros-de-la-guitarra-clasica-en-cerler-next-stop-of-treasures-of-classical-guitar-in-cerler\/cartel-jose-antonio-chic-cerler-2026\/\" data-orig-file=\"https:\/\/i0.wp.com\/www.guitarinensemble.com\/blog\/wp-content\/uploads\/2026\/08\/Cartel-Jose-Antonio-Chic.-Cerler-2026.png?fit=1587%2C2245&amp;ssl=1\" data-orig-size=\"1587,2245\" data-comments-opened=\"1\" data-image-meta=\"{&quot;aperture&quot;:&quot;0&quot;,&quot;credit&quot;:&quot;&quot;,&quot;camera&quot;:&quot;&quot;,&quot;caption&quot;:&quot;&quot;,&quot;created_timestamp&quot;:&quot;0&quot;,&quot;copyright&quot;:&quot;&quot;,&quot;focal_length&quot;:&quot;0&quot;,&quot;iso&quot;:&quot;0&quot;,&quot;shutter_speed&quot;:&quot;0&quot;,&quot;title&quot;:&quot;&quot;,&quot;orientation&quot;:&quot;0&quot;,&quot;alt&quot;:&quot;&quot;}\" data-image-title=\"Cartel Jos\u00e9 Antonio Chic. Cerler 2026.\" data-image-description=\"\" data-image-caption=\"\" data-large-file=\"https:\/\/i0.wp.com\/www.guitarinensemble.com\/blog\/wp-content\/uploads\/2026\/08\/Cartel-Jose-Antonio-Chic.-Cerler-2026.png?fit=625%2C884&amp;ssl=1\" src=\"https:\/\/i0.wp.com\/www.guitarinensemble.com\/blog\/wp-content\/uploads\/2026\/08\/Cartel-Jose-Antonio-Chic.-Cerler-2026.png?resize=625%2C884&#038;ssl=1\" alt=\"\" class=\"wp-image-5676\" srcset=\"https:\/\/i0.wp.com\/www.guitarinensemble.com\/blog\/wp-content\/uploads\/2026\/08\/Cartel-Jose-Antonio-Chic.-Cerler-2026.png?resize=724%2C1024&amp;ssl=1 724w, https:\/\/i0.wp.com\/www.guitarinensemble.com\/blog\/wp-content\/uploads\/2026\/08\/Cartel-Jose-Antonio-Chic.-Cerler-2026.png?resize=212%2C300&amp;ssl=1 212w, https:\/\/i0.wp.com\/www.guitarinensemble.com\/blog\/wp-content\/uploads\/2026\/08\/Cartel-Jose-Antonio-Chic.-Cerler-2026.png?resize=768%2C1086&amp;ssl=1 768w, https:\/\/i0.wp.com\/www.guitarinensemble.com\/blog\/wp-content\/uploads\/2026\/08\/Cartel-Jose-Antonio-Chic.-Cerler-2026.png?resize=1086%2C1536&amp;ssl=1 1086w, https:\/\/i0.wp.com\/www.guitarinensemble.com\/blog\/wp-content\/uploads\/2026\/08\/Cartel-Jose-Antonio-Chic.-Cerler-2026.png?resize=1448%2C2048&amp;ssl=1 1448w, https:\/\/i0.wp.com\/www.guitarinensemble.com\/blog\/wp-content\/uploads\/2026\/08\/Cartel-Jose-Antonio-Chic.-Cerler-2026.png?resize=624%2C883&amp;ssl=1 624w, https:\/\/i0.wp.com\/www.guitarinensemble.com\/blog\/wp-content\/uploads\/2026\/08\/Cartel-Jose-Antonio-Chic.-Cerler-2026.png?w=1587&amp;ssl=1 1587w, https:\/\/i0.wp.com\/www.guitarinensemble.com\/blog\/wp-content\/uploads\/2026\/08\/Cartel-Jose-Antonio-Chic.-Cerler-2026.png?w=1250&amp;ssl=1 1250w\" sizes=\"auto, (max-width: 625px) 100vw, 625px\" \/><\/a><\/figure>\n","protected":false},"excerpt":{"rendered":"<p>ESP \u00a1Hola a todos! Es un placer anunciar mi pr\u00f3ximo concierto. Me hace mucha ilusi\u00f3n llevar mi m\u00fasica a un rinc\u00f3n tan especial del Pirineo aragon\u00e9s como es Cerler. Os invito a una velada titulada \u00abTesoros de la guitarra cl\u00e1sica\u00bb, donde interpretar\u00e9 una selecci\u00f3n de piezas muy queridas que celebran la belleza y la profundidad [&hellip;]<\/p>\n","protected":false},"author":12,"featured_media":0,"comment_status":"open","ping_status":"closed","sticky":false,"template":"","format":"standard","meta":{"advanced_seo_description":"","jetpack_seo_html_title":"","jetpack_seo_noindex":false,"jetpack_seo_schema_type":"","_jetpack_newsletter_access":"","_jetpack_dont_email_post_to_subs":false,"_jetpack_newsletter_tier_id":0,"_jetpack_memberships_contains_paywalled_content":false,"_jetpack_feature_clip_id":0,"_jetpack_memberships_contains_paid_content":false,"footnotes":"","jetpack_publicize_message":"","jetpack_publicize_feature_enabled":true,"jetpack_social_post_already_shared":true,"jetpack_social_options":{"image_generator_settings":{"template":"highway","default_image_id":0,"font":"","enabled":false},"version":2},"jetpack_post_was_ever_published":false},"categories":[6,1],"tags":[234,230,121,213,232,235,152,231,99,161,156,233,236,128],"class_list":["post-5675","post","type-post","status-publish","format-standard","hentry","category-noticiasnews","category-general","tag-aragonese-pyrenees","tag-cerler","tag-classical-guitar","tag-classical-guitar-concert","tag-conciertos-de-guitarra","tag-historic-venues","tag-huesca","tag-iglesia-de-san-lorenzo","tag-jose-antonio-chic","tag-live-music","tag-musica-en-directo","tag-pico-sarlle","tag-pirineos","tag-tesoros-de-la-guitarra-clasica"],"jetpack_publicize_connections":[],"jetpack_shortlink":"https:\/\/wp.me\/p9Cgg3-1tx","jetpack-related-posts":[],"jetpack_likes_enabled":true,"jetpack_sharing_enabled":true,"jetpack_featured_media_url":"","_links":{"self":[{"href":"https:\/\/www.guitarinensemble.com\/blog\/wp-json\/wp\/v2\/posts\/5675","targetHints":{"allow":["GET"]}}],"collection":[{"href":"https:\/\/www.guitarinensemble.com\/blog\/wp-json\/wp\/v2\/posts"}],"about":[{"href":"https:\/\/www.guitarinensemble.com\/blog\/wp-json\/wp\/v2\/types\/post"}],"author":[{"embeddable":true,"href":"https:\/\/www.guitarinensemble.com\/blog\/wp-json\/wp\/v2\/users\/12"}],"replies":[{"embeddable":true,"href":"https:\/\/www.guitarinensemble.com\/blog\/wp-json\/wp\/v2\/comments?post=5675"}],"version-history":[{"count":1,"href":"https:\/\/www.guitarinensemble.com\/blog\/wp-json\/wp\/v2\/posts\/5675\/revisions"}],"predecessor-version":[{"id":5677,"href":"https:\/\/www.guitarinensemble.com\/blog\/wp-json\/wp\/v2\/posts\/5675\/revisions\/5677"}],"wp:attachment":[{"href":"https:\/\/www.guitarinensemble.com\/blog\/wp-json\/wp\/v2\/media?parent=5675"}],"wp:term":[{"taxonomy":"category","embeddable":true,"href":"https:\/\/www.guitarinensemble.com\/blog\/wp-json\/wp\/v2\/categories?post=5675"},{"taxonomy":"post_tag","embeddable":true,"href":"https:\/\/www.guitarinensemble.com\/blog\/wp-json\/wp\/v2\/tags?post=5675"}],"curies":[{"name":"wp","href":"https:\/\/api.w.org\/{rel}","templated":true}]}}