{"id":5683,"date":"2026-08-23T08:17:11","date_gmt":"2026-08-23T07:17:11","guid":{"rendered":"https:\/\/www.guitarinensemble.com\/blog\/?p=5683"},"modified":"2026-08-23T08:34:19","modified_gmt":"2026-08-23T07:34:19","slug":"una-noche-magica-e-inolvidable-en-cerler-gracias-a-todos-por-llenar-la-iglesia-de-san-lorenzo-a-magical-and-unforgettable-night-in-cerler-thank-you-all-for-filling-san-lorenzo-church","status":"publish","type":"post","link":"https:\/\/www.guitarinensemble.com\/blog\/una-noche-magica-e-inolvidable-en-cerler-gracias-a-todos-por-llenar-la-iglesia-de-san-lorenzo-a-magical-and-unforgettable-night-in-cerler-thank-you-all-for-filling-san-lorenzo-church\/","title":{"rendered":"\u00a1Una noche m\u00e1gica e inolvidable en Cerler! A Magical and Unforgettable Night in Cerler!"},"content":{"rendered":"\n<p class=\"wp-block-paragraph\"><strong>[ESP]<\/strong><\/p>\n\n\n\n<p class=\"wp-block-paragraph\" style=\"font-size:16px\">Todav\u00eda emocionado por la maravillosa noche en Cerler &#x1f3d4;&#x2728;. El concierto en la preciosa <strong>Iglesia de San Lorenzo<\/strong> fue, sencillamente, inolvidable. El calor y el silencio del p\u00fablico llenando la iglesia abovedada, la atm\u00f3sfera m\u00e1gica creada por las piedras milenarias y la luz de las velas&#8230; un verdadero honor para cualquier m\u00fasico.<\/p>\n\n\n\n<p class=\"wp-block-paragraph\" style=\"font-size:16px\">Un agradecimiento de todo coraz\u00f3n a la <strong>Asociaci\u00f3n de Vecinos y Amigos de Cerler &#8216;Pico Sarll\u00e9&#8217;<\/strong> por su impecable organizaci\u00f3n, su trato c\u00e1lido y por haber hecho posible esta velada. Y, sobre todo, gracias a vosotros, el p\u00fablico, por llenar cada rinc\u00f3n con vuestra presencia y energ\u00eda.<\/p>\n\n\n\n<p class=\"wp-block-paragraph\" style=\"font-size:16px\">Me llevo el recuerdo de esta noche m\u00e1gica en el Pirineo para siempre en el coraz\u00f3n. \u00a1Nos vemos pronto!<\/p>\n\n\n\n<p class=\"wp-block-paragraph\"><strong>[ENG]<\/strong><\/p>\n\n\n\n<p class=\"wp-block-paragraph\" style=\"font-size:16px\">Still deeply moved by a truly wonderful night in Cerler &#x1f3d4;&#x2728;. The concert in the beautiful <strong>San Lorenzo Church<\/strong> was, simply, unforgettable. The warmth and the respectful silence of the audience filling the vaulted space, the magical atmosphere of the ancient stone and candlelight&#8230; a true honor for any musician.<\/p>\n\n\n\n<p class=\"wp-block-paragraph\" style=\"font-size:16px\">A heartfelt thank you to the <strong>Cerler Neighbors and Friends Association &#8216;Pico Sarll\u00e9&#8217;<\/strong> for their flawless organization, their warm welcome, and for making this evening possible. And above all, thank you to you, the audience, for filling every single corner with your presence and your wonderful energy.<\/p>\n\n\n\n<p class=\"wp-block-paragraph\" style=\"font-size:16px\">I will cherish the memory of this magical night in the Pyrenees forever. See you soon!<\/p>\n\n\n\n<figure class=\"wp-block-gallery has-nested-images columns-default is-cropped wp-block-gallery-1 is-layout-flex wp-block-gallery-is-layout-flex\">\n<figure class=\"wp-block-image size-large\"><a href=\"https:\/\/i0.wp.com\/www.guitarinensemble.com\/blog\/wp-content\/uploads\/2026\/08\/34086.jpg?ssl=1\"><img data-recalc-dims=\"1\" loading=\"lazy\" decoding=\"async\" width=\"625\" height=\"833\" data-attachment-id=\"5686\" data-permalink=\"https:\/\/www.guitarinensemble.com\/blog\/34086\/\" data-orig-file=\"https:\/\/i0.wp.com\/www.guitarinensemble.com\/blog\/wp-content\/uploads\/2026\/08\/34086.jpg?fit=1200%2C1600&amp;ssl=1\" data-orig-size=\"1200,1600\" data-comments-opened=\"1\" data-image-meta=\"{&quot;aperture&quot;:&quot;0&quot;,&quot;credit&quot;:&quot;&quot;,&quot;camera&quot;:&quot;&quot;,&quot;caption&quot;:&quot;&quot;,&quot;created_timestamp&quot;:&quot;0&quot;,&quot;copyright&quot;:&quot;&quot;,&quot;focal_length&quot;:&quot;0&quot;,&quot;iso&quot;:&quot;0&quot;,&quot;shutter_speed&quot;:&quot;0&quot;,&quot;title&quot;:&quot;&quot;,&quot;orientation&quot;:&quot;0&quot;,&quot;alt&quot;:&quot;&quot;}\" data-image-title=\"34086\" data-image-description=\"\" data-image-caption=\"\" data-large-file=\"https:\/\/i0.wp.com\/www.guitarinensemble.com\/blog\/wp-content\/uploads\/2026\/08\/34086.jpg?fit=625%2C833&amp;ssl=1\" data-id=\"5686\" src=\"https:\/\/i0.wp.com\/www.guitarinensemble.com\/blog\/wp-content\/uploads\/2026\/08\/34086.jpg?resize=625%2C833&#038;ssl=1\" alt=\"\" class=\"wp-image-5686\" srcset=\"https:\/\/i0.wp.com\/www.guitarinensemble.com\/blog\/wp-content\/uploads\/2026\/08\/34086.jpg?resize=768%2C1024&amp;ssl=1 768w, https:\/\/i0.wp.com\/www.guitarinensemble.com\/blog\/wp-content\/uploads\/2026\/08\/34086.jpg?resize=225%2C300&amp;ssl=1 225w, https:\/\/i0.wp.com\/www.guitarinensemble.com\/blog\/wp-content\/uploads\/2026\/08\/34086.jpg?resize=1152%2C1536&amp;ssl=1 1152w, https:\/\/i0.wp.com\/www.guitarinensemble.com\/blog\/wp-content\/uploads\/2026\/08\/34086.jpg?resize=624%2C832&amp;ssl=1 624w, https:\/\/i0.wp.com\/www.guitarinensemble.com\/blog\/wp-content\/uploads\/2026\/08\/34086.jpg?w=1200&amp;ssl=1 1200w\" sizes=\"auto, (max-width: 625px) 100vw, 625px\" \/><\/a><\/figure>\n\n\n\n<figure class=\"wp-block-image size-large\"><a href=\"https:\/\/i0.wp.com\/www.guitarinensemble.com\/blog\/wp-content\/uploads\/2026\/08\/34040.jpg?ssl=1\"><img data-recalc-dims=\"1\" loading=\"lazy\" decoding=\"async\" width=\"461\" height=\"1024\" data-attachment-id=\"5684\" data-permalink=\"https:\/\/www.guitarinensemble.com\/blog\/34040\/\" data-orig-file=\"https:\/\/i0.wp.com\/www.guitarinensemble.com\/blog\/wp-content\/uploads\/2026\/08\/34040.jpg?fit=900%2C2000&amp;ssl=1\" data-orig-size=\"900,2000\" data-comments-opened=\"1\" data-image-meta=\"{&quot;aperture&quot;:&quot;0&quot;,&quot;credit&quot;:&quot;&quot;,&quot;camera&quot;:&quot;&quot;,&quot;caption&quot;:&quot;&quot;,&quot;created_timestamp&quot;:&quot;0&quot;,&quot;copyright&quot;:&quot;&quot;,&quot;focal_length&quot;:&quot;0&quot;,&quot;iso&quot;:&quot;0&quot;,&quot;shutter_speed&quot;:&quot;0&quot;,&quot;title&quot;:&quot;&quot;,&quot;orientation&quot;:&quot;0&quot;,&quot;alt&quot;:&quot;&quot;}\" data-image-title=\"34040\" data-image-description=\"\" data-image-caption=\"\" data-large-file=\"https:\/\/i0.wp.com\/www.guitarinensemble.com\/blog\/wp-content\/uploads\/2026\/08\/34040.jpg?fit=461%2C1024&amp;ssl=1\" data-id=\"5684\" src=\"https:\/\/i0.wp.com\/www.guitarinensemble.com\/blog\/wp-content\/uploads\/2026\/08\/34040.jpg?resize=461%2C1024&#038;ssl=1\" alt=\"\" class=\"wp-image-5684\" srcset=\"https:\/\/i0.wp.com\/www.guitarinensemble.com\/blog\/wp-content\/uploads\/2026\/08\/34040.jpg?resize=461%2C1024&amp;ssl=1 461w, https:\/\/i0.wp.com\/www.guitarinensemble.com\/blog\/wp-content\/uploads\/2026\/08\/34040.jpg?resize=135%2C300&amp;ssl=1 135w, https:\/\/i0.wp.com\/www.guitarinensemble.com\/blog\/wp-content\/uploads\/2026\/08\/34040.jpg?resize=768%2C1707&amp;ssl=1 768w, https:\/\/i0.wp.com\/www.guitarinensemble.com\/blog\/wp-content\/uploads\/2026\/08\/34040.jpg?resize=691%2C1536&amp;ssl=1 691w, https:\/\/i0.wp.com\/www.guitarinensemble.com\/blog\/wp-content\/uploads\/2026\/08\/34040.jpg?resize=624%2C1387&amp;ssl=1 624w, https:\/\/i0.wp.com\/www.guitarinensemble.com\/blog\/wp-content\/uploads\/2026\/08\/34040.jpg?w=900&amp;ssl=1 900w\" sizes=\"auto, (max-width: 461px) 100vw, 461px\" \/><\/a><\/figure>\n\n\n\n<figure class=\"wp-block-image size-large\"><a href=\"https:\/\/i0.wp.com\/www.guitarinensemble.com\/blog\/wp-content\/uploads\/2026\/08\/34043.jpg?ssl=1\"><img data-recalc-dims=\"1\" loading=\"lazy\" decoding=\"async\" width=\"461\" height=\"1024\" data-attachment-id=\"5685\" data-permalink=\"https:\/\/www.guitarinensemble.com\/blog\/34043\/\" data-orig-file=\"https:\/\/i0.wp.com\/www.guitarinensemble.com\/blog\/wp-content\/uploads\/2026\/08\/34043.jpg?fit=921%2C2048&amp;ssl=1\" data-orig-size=\"921,2048\" data-comments-opened=\"1\" data-image-meta=\"{&quot;aperture&quot;:&quot;0&quot;,&quot;credit&quot;:&quot;&quot;,&quot;camera&quot;:&quot;&quot;,&quot;caption&quot;:&quot;&quot;,&quot;created_timestamp&quot;:&quot;0&quot;,&quot;copyright&quot;:&quot;&quot;,&quot;focal_length&quot;:&quot;0&quot;,&quot;iso&quot;:&quot;0&quot;,&quot;shutter_speed&quot;:&quot;0&quot;,&quot;title&quot;:&quot;&quot;,&quot;orientation&quot;:&quot;0&quot;,&quot;alt&quot;:&quot;&quot;}\" data-image-title=\"34043\" data-image-description=\"\" data-image-caption=\"\" data-large-file=\"https:\/\/i0.wp.com\/www.guitarinensemble.com\/blog\/wp-content\/uploads\/2026\/08\/34043.jpg?fit=461%2C1024&amp;ssl=1\" data-id=\"5685\" src=\"https:\/\/i0.wp.com\/www.guitarinensemble.com\/blog\/wp-content\/uploads\/2026\/08\/34043.jpg?resize=461%2C1024&#038;ssl=1\" alt=\"\" class=\"wp-image-5685\" srcset=\"https:\/\/i0.wp.com\/www.guitarinensemble.com\/blog\/wp-content\/uploads\/2026\/08\/34043.jpg?resize=461%2C1024&amp;ssl=1 461w, https:\/\/i0.wp.com\/www.guitarinensemble.com\/blog\/wp-content\/uploads\/2026\/08\/34043.jpg?resize=135%2C300&amp;ssl=1 135w, https:\/\/i0.wp.com\/www.guitarinensemble.com\/blog\/wp-content\/uploads\/2026\/08\/34043.jpg?resize=768%2C1708&amp;ssl=1 768w, https:\/\/i0.wp.com\/www.guitarinensemble.com\/blog\/wp-content\/uploads\/2026\/08\/34043.jpg?resize=691%2C1536&amp;ssl=1 691w, https:\/\/i0.wp.com\/www.guitarinensemble.com\/blog\/wp-content\/uploads\/2026\/08\/34043.jpg?resize=624%2C1388&amp;ssl=1 624w, https:\/\/i0.wp.com\/www.guitarinensemble.com\/blog\/wp-content\/uploads\/2026\/08\/34043.jpg?w=921&amp;ssl=1 921w\" sizes=\"auto, (max-width: 461px) 100vw, 461px\" \/><\/a><\/figure>\n<\/figure>\n","protected":false},"excerpt":{"rendered":"<p>[ESP] Todav\u00eda emocionado por la maravillosa noche en Cerler &#x1f3d4;&#x2728;. El concierto en la preciosa Iglesia de San Lorenzo fue, sencillamente, inolvidable. El calor y el silencio del p\u00fablico llenando la iglesia abovedada, la atm\u00f3sfera m\u00e1gica creada por las piedras milenarias y la luz de las velas&#8230; un verdadero honor para cualquier m\u00fasico. Un agradecimiento [&hellip;]<\/p>\n","protected":false},"author":12,"featured_media":0,"comment_status":"open","ping_status":"closed","sticky":false,"template":"","format":"standard","meta":{"advanced_seo_description":"","jetpack_seo_html_title":"","jetpack_seo_noindex":false,"jetpack_seo_schema_type":"","_jetpack_newsletter_access":"","_jetpack_dont_email_post_to_subs":false,"_jetpack_newsletter_tier_id":0,"_jetpack_memberships_contains_paywalled_content":false,"_jetpack_feature_clip_id":0,"_jetpack_memberships_contains_paid_content":false,"footnotes":"","jetpack_publicize_message":"","jetpack_publicize_feature_enabled":true,"jetpack_social_post_already_shared":true,"jetpack_social_options":{"image_generator_settings":{"template":"highway","default_image_id":0,"font":"","enabled":false},"version":2},"jetpack_post_was_ever_published":false},"categories":[6],"tags":[237,230,121,213,239,232,152,231,99,161,156,233,238,240,128],"class_list":["post-5683","post","type-post","status-publish","format-standard","hentry","category-noticiasnews","tag-asociacion-pico-sarlle","tag-cerler","tag-classical-guitar","tag-classical-guitar-concert","tag-concierto-en-cerler","tag-conciertos-de-guitarra","tag-huesca","tag-iglesia-de-san-lorenzo","tag-jose-antonio-chic","tag-live-music","tag-musica-en-directo","tag-pico-sarlle","tag-pirineo-aragones","tag-pyrenees","tag-tesoros-de-la-guitarra-clasica"],"jetpack_publicize_connections":[],"jetpack_shortlink":"https:\/\/wp.me\/p9Cgg3-1tF","jetpack-related-posts":[],"jetpack_likes_enabled":true,"jetpack_sharing_enabled":true,"jetpack_featured_media_url":"","_links":{"self":[{"href":"https:\/\/www.guitarinensemble.com\/blog\/wp-json\/wp\/v2\/posts\/5683","targetHints":{"allow":["GET"]}}],"collection":[{"href":"https:\/\/www.guitarinensemble.com\/blog\/wp-json\/wp\/v2\/posts"}],"about":[{"href":"https:\/\/www.guitarinensemble.com\/blog\/wp-json\/wp\/v2\/types\/post"}],"author":[{"embeddable":true,"href":"https:\/\/www.guitarinensemble.com\/blog\/wp-json\/wp\/v2\/users\/12"}],"replies":[{"embeddable":true,"href":"https:\/\/www.guitarinensemble.com\/blog\/wp-json\/wp\/v2\/comments?post=5683"}],"version-history":[{"count":2,"href":"https:\/\/www.guitarinensemble.com\/blog\/wp-json\/wp\/v2\/posts\/5683\/revisions"}],"predecessor-version":[{"id":5688,"href":"https:\/\/www.guitarinensemble.com\/blog\/wp-json\/wp\/v2\/posts\/5683\/revisions\/5688"}],"wp:attachment":[{"href":"https:\/\/www.guitarinensemble.com\/blog\/wp-json\/wp\/v2\/media?parent=5683"}],"wp:term":[{"taxonomy":"category","embeddable":true,"href":"https:\/\/www.guitarinensemble.com\/blog\/wp-json\/wp\/v2\/categories?post=5683"},{"taxonomy":"post_tag","embeddable":true,"href":"https:\/\/www.guitarinensemble.com\/blog\/wp-json\/wp\/v2\/tags?post=5683"}],"curies":[{"name":"wp","href":"https:\/\/api.w.org\/{rel}","templated":true}]}}